{"id":4694,"date":"2016-02-24T17:41:46","date_gmt":"2016-02-24T16:41:46","guid":{"rendered":"https:\/\/perruchenautomne.eu\/wordpress\/?p=4694"},"modified":"2016-02-24T17:41:46","modified_gmt":"2016-02-24T16:41:46","slug":"merci-renaloo","status":"publish","type":"post","link":"https:\/\/perruchenautomne.eu\/wordpress\/2016\/02\/24\/merci-renaloo\/","title":{"rendered":"Merci Renaloo"},"content":{"rendered":"<p><a href=\"http:\/\/renaloo.com\/\">Renaloo<\/a>, le poil \u00e0 gratter de la n\u00e9phrologie fran\u00e7aise a lanc\u00e9 <a href=\"http:\/\/renaloo.com\/actualites2\/les-dernieres-actualites-liste\/1416-information-et-decision-partagee-les-resultats-preliminaires-de-notre-enquete-aupres-des-patients-dialyses-et-greffes\">une enqu\u00eate<\/a>, le terme \u00e9tude me parait un peu pr\u00e9tentieux, sur la d\u00e9cision partag\u00e9e en n\u00e9phrologie. Il s&rsquo;agit d&rsquo;une tr\u00e8s bonne initiative. J&rsquo;ai regard\u00e9 avec i<a href=\"http:\/\/renaloo.com\/images\/Bapt\/synthese%20enquete%20info%20decision%20renaloo%20022016.pdf\">nt\u00e9r\u00eat les r\u00e9sultats<\/a>, comme ceux de la <a href=\"https:\/\/perruchenautomne.eu\/wordpress\/?p=4142\">cour des comptes<\/a> pr\u00e9c\u00e9demment.<\/p>\n<p>J&rsquo;ai \u00e9t\u00e9 un peu d\u00e9\u00e7u du nombre faible de personnes r\u00e9pondants. 1038 r\u00e9pondants sur 76187 (donn\u00e9es REIN 2013) patients transplant\u00e9s ou dialys\u00e9s soit 1,36% des personnes concern\u00e9es, je trouve \u00e7a peu. Je me demande si il est possible de tirer des conclusions, d&rsquo;autant qu&rsquo;il est peu probable que l&rsquo;\u00e9chantillon soit r\u00e9ellement repr\u00e9sentatif de la population cibl\u00e9e. Passons cet \u00e9cueil m\u00e9thodologique, pour un premier travail je trouve \u00e7a bien.<\/p>\n<p>Premi\u00e8re question:<\/p>\n<p><a href=\"https:\/\/perruchenautomne.eu\/wordpress\/wp-content\/uploads\/2016\/02\/question1.png\" rel=\"attachment wp-att-4695\"><img loading=\"lazy\" decoding=\"async\" class=\"aligncenter size-full wp-image-4695\" src=\"https:\/\/perruchenautomne.eu\/wordpress\/wp-content\/uploads\/2016\/02\/question1.png\" alt=\"question1\" width=\"441\" height=\"108\" srcset=\"https:\/\/perruchenautomne.eu\/wordpress\/wp-content\/uploads\/2016\/02\/question1.png 441w, https:\/\/perruchenautomne.eu\/wordpress\/wp-content\/uploads\/2016\/02\/question1-300x73.png 300w\" sizes=\"auto, (max-width: 441px) 100vw, 441px\" \/><\/a>Si vous ajoutez les r\u00e9ponses obtenues et la question ignor\u00e9e vous avez 908+131=1039 (il y avait 1038 r\u00e9pondants). Je ne sais pas comment interpr\u00e9ter ceci, un h\u00e9sitant? Finalement 1039 r\u00e9pondants? J&rsquo;ai trouv\u00e9 dommage que les r\u00e9sultats soient pr\u00e9sent\u00e9s d&rsquo;une fa\u00e7on dichotomique rouge\/bleu.<\/p>\n<p><a href=\"https:\/\/perruchenautomne.eu\/wordpress\/wp-content\/uploads\/2016\/02\/r\u00e9ponse.png\" rel=\"attachment wp-att-4696\"><img loading=\"lazy\" decoding=\"async\" class=\"aligncenter size-full wp-image-4696\" src=\"https:\/\/perruchenautomne.eu\/wordpress\/wp-content\/uploads\/2016\/02\/r\u00e9ponse.png\" alt=\"r\u00e9ponse\" width=\"292\" height=\"32\" \/><\/a>Pour moi, il aurait important de mettre le \u00ab\u00a0pas du tout\u00a0\u00bb \u00e0 part, car il est tr\u00e8s diff\u00e9rent d&rsquo;avoir eu une mauvaise information que pas du tout. J&rsquo;ai trouv\u00e9 bien que plus de 80% des personnes estiment avoir eu une bonne information sur la transplantation et la dialyse en centre. Il serait utile de savoir si l&rsquo;information sur la transplantation pr\u00e9emptive \u00e9tait manquante ou mal donn\u00e9e. Ceci permettrait d&rsquo;orienter les centres transplanteurs sur le message \u00e0 faire passez aupr\u00e8s de leurs correspondants.<\/p>\n<p>Question 2:<\/p>\n<p><a href=\"https:\/\/perruchenautomne.eu\/wordpress\/wp-content\/uploads\/2016\/02\/Q2.png\" rel=\"attachment wp-att-4697\"><img loading=\"lazy\" decoding=\"async\" class=\"aligncenter size-full wp-image-4697\" src=\"https:\/\/perruchenautomne.eu\/wordpress\/wp-content\/uploads\/2016\/02\/Q2.png\" alt=\"Q2\" width=\"666\" height=\"207\" srcset=\"https:\/\/perruchenautomne.eu\/wordpress\/wp-content\/uploads\/2016\/02\/Q2.png 666w, https:\/\/perruchenautomne.eu\/wordpress\/wp-content\/uploads\/2016\/02\/Q2-300x93.png 300w\" sizes=\"auto, (max-width: 666px) 100vw, 666px\" \/><\/a>Vous remarquerez qu&rsquo;il y a toujours 1039 r\u00e9pondants ici. J&rsquo;ai trouv\u00e9 plut\u00f4t comme un bon r\u00e9sultat que plus de 2\/3 des patients aient pu choisir leur traitement avec l&rsquo;\u00e9quipe m\u00e9dicale. Je m&rsquo;attendais \u00e0 un r\u00e9sultat plus mauvais. Je me demande quel chiffre est obtenu dans d&rsquo;autres maladies chroniques comme le diab\u00e8te ou l&rsquo;insuffisance cardiaque. Nous pouvons faire mieux mais il semble que les n\u00e9phrologues fran\u00e7ais est compris l&rsquo;importance de l&#8217;empowerment du patient dans l&rsquo;immense majorit\u00e9 des cas.<\/p>\n<p>Pour la question 3, qui concernait uniquement les patients en dialyse en centre, vous remarquerez qu&rsquo;il y a 167 patients, l&rsquo;\u00e9chantillon devient petit et probablement peu repr\u00e9sentatif. Il y a 29455 dialys\u00e9s en centre lourd ou UDM en 2013, l&rsquo;\u00e9chantillon repr\u00e9sente ainsi 0,55% de cette population.<\/p>\n<p><a href=\"https:\/\/perruchenautomne.eu\/wordpress\/wp-content\/uploads\/2016\/02\/Q3.png\" rel=\"attachment wp-att-4698\"><img loading=\"lazy\" decoding=\"async\" class=\"aligncenter size-full wp-image-4698\" src=\"https:\/\/perruchenautomne.eu\/wordpress\/wp-content\/uploads\/2016\/02\/Q3.png\" alt=\"Q3\" width=\"622\" height=\"198\" srcset=\"https:\/\/perruchenautomne.eu\/wordpress\/wp-content\/uploads\/2016\/02\/Q3.png 622w, https:\/\/perruchenautomne.eu\/wordpress\/wp-content\/uploads\/2016\/02\/Q3-300x95.png 300w\" sizes=\"auto, (max-width: 622px) 100vw, 622px\" \/><\/a>55% des patients ont particip\u00e9 au choix, ce n&rsquo;est pas suffisant. Ce r\u00e9sultat est \u00e0 interpr\u00e9ter avec pr\u00e9caution du fait du petit nombre de patients et surtout de l&rsquo;absence de donn\u00e9es sur le suivi pr\u00e9 dialyse et la dur\u00e9e en dialyse. Il est, malgr\u00e9 ces limites, certains qu&rsquo;il peut \u00eatre mieux fait dans le partage de la d\u00e9cision en dialyse.<\/p>\n<p>Pour la question 4 qui \u00e9tait sur le besoin d&rsquo;information, il faut manifestement plus parler de transplantation pr\u00e9emptive et de la liste d&rsquo;attente. Pour le pr\u00e9emptif, le n\u00e9phrologue a un r\u00f4le important \u00e0 jouer. Pour la liste d&rsquo;attente, j&rsquo;ai le sentiment que c&rsquo;est la structure qui l\u00e0 g\u00e8re,l&rsquo;ABM, qui doit donner les informations. Les techniques de domicile hors DP sont aussi \u00e0 mieux pr\u00e9senter. Un r\u00e9sultat est bizarre pour la dialyse p\u00e9riton\u00e9ale, 41% disent avoir re\u00e7u une information insuffisante (cf Q1) mais seulement 18% souhaite avoir plus d&rsquo;information. Il y a une forme dissonance cognitive \u00e0 explorer.<\/p>\n<p>Pour les questions suivantes qui concernent seulement les patients dialys\u00e9s en centre ou UDM, 269 patients r\u00e9pondent \u00e0 la question 5 alors qu&rsquo;ils ne sont sens\u00e9s qu&rsquo;\u00eatre 167 (question 3), on passe \u00e0 166 et une r\u00e9ponse ignor\u00e9e \u00e0 la question 6 (ce que je saisis mal, car la question est simple (\u00eates vous inscrit sur liste d&rsquo;attente) et devrait avoir le m\u00eame nombre de r\u00e9pondant que la 5 soit 269). Pour l&rsquo;acc\u00e8s \u00e0 la liste d&rsquo;attente, question 6, plus de graphique, plus de nombre de r\u00e9pondants mais des pourcentages qui sont difficiles \u00e0 comprendre. La question 6 nous apprends que 42% des 166 r\u00e9pondants ne sont pas inscrits, j&rsquo;imagine que la question suivante \u00e9tait pourquoi? Si on prend les 3 lignes suivantes ont devrait avoir 100% et on obtient 58%. C&rsquo;est difficile \u00e0 saisir.<\/p>\n<p>Pour la derni\u00e8re question, pas de chiffre de r\u00e9pondant juste des %. Je ne m&rsquo;\u00e9tendrais pas sur ce dernier point du coup.<\/p>\n<p>La pr\u00e9sentation finit par quelques remarques qui sont sens\u00e9s synth\u00e9tiser l\u2019enqu\u00eate. C&rsquo;est comme d&rsquo;habitude une charge contre les n\u00e9phrologues fran\u00e7ais. 2 patients sur trois s&rsquo;estiment bien inform\u00e9s, ce qui je le r\u00e9p\u00e8te est pour moi un r\u00e9sultat plut\u00f4t satisfaisant. Nous pouvons mieux faire, je crois que nous sommes sur la bonne voie. Je partage le constat qu&rsquo;il est dommage que l&rsquo;information sur le pr\u00e9emptif ne soit pas mieux faite. Je suis convaincu qu&rsquo;une collaboration sereine avec les associations pourraient nous aider. J&rsquo;ai envie de proposer plus d&rsquo;informations \u00e0 mes patients, j&rsquo;aimerai bien qu&rsquo;un patient expert \u00e0 la sortie de la consultation ou de la r\u00e9union d&rsquo;information r\u00e9pondent aux questions du patient et prolongent la discussion autour de la prise en charge de la suppl\u00e9ance.<\/p>\n<p>Cette enqu\u00eate a des d\u00e9fauts que j&rsquo;ai essay\u00e9 de pointer de fa\u00e7on constructive. Sa principale qualit\u00e9 est d&rsquo;exister et de faire parler de maladie r\u00e9nale chronique. Apr\u00e8s ce coup d&rsquo;essai, il y a la place pour faire un travail plus carr\u00e9 sur le plan m\u00e9thodologique avec une s\u00e9lection de patients plus repr\u00e9sentatifs de la population et une analyse plus fouill\u00e9e. Ceci permettrait de faire un bon \u00e9tat des lieux et d&rsquo;identifier pr\u00e9cis\u00e9ment les points \u00e0 am\u00e9liorer en terme de qualit\u00e9 de l&rsquo;information.<\/p>\n<p>Merci Renaloo pour cette \u00e9bauche et continuez \u00e0 parler et faire parler de maladie r\u00e9nale chronique. C&rsquo;est important. Si vous pouviez aussi profiter de votre aura m\u00e9diatique pour dire que nous devons mieux financer la recherche en n\u00e9phrologie, ce serait tr\u00e8s bien pour nous tous. En particulier des travaux <a href=\"https:\/\/perruchenautomne.eu\/wordpress\/?p=4539\">en sciences sociales<\/a> qui nous permettraient de progresser dans la prise en charge.<\/p>\n<p><a class=\"post_thumb\" href=\"http:\/\/www.worldkidneyday.org\/resource\/wkd-logo-2016\/\"> <img decoding=\"async\" class=\"aligncenter\" src=\"http:\/\/www.worldkidneyday.org\/wp-content\/uploads\/2015\/12\/WKD_Logo_2016_400px-224x175.png\" alt=\"\" \/> <\/a><\/p>\n<p>&nbsp;<\/p>\n","protected":false},"excerpt":{"rendered":"<p>Renaloo, le poil \u00e0 gratter de la n\u00e9phrologie fran\u00e7aise a lanc\u00e9 une enqu\u00eate, le terme \u00e9tude me parait un peu pr\u00e9tentieux, sur la d\u00e9cision partag\u00e9e en n\u00e9phrologie. Il s&rsquo;agit d&rsquo;une tr\u00e8s bonne initiative. J&rsquo;ai regard\u00e9 avec int\u00e9r\u00eat les r\u00e9sultats, comme &hellip; <a href=\"https:\/\/perruchenautomne.eu\/wordpress\/2016\/02\/24\/merci-renaloo\/\">Continuer la lecture <span class=\"meta-nav\">&rarr;<\/span><\/a><\/p>\n","protected":false},"author":1,"featured_media":0,"comment_status":"open","ping_status":"open","sticky":false,"template":"","format":"standard","meta":{"jetpack_post_was_ever_published":false,"_jetpack_newsletter_access":"","_jetpack_dont_email_post_to_subs":false,"_jetpack_newsletter_tier_id":0,"_jetpack_memberships_contains_paywalled_content":false,"_jetpack_memberships_contains_paid_content":false,"footnotes":"","jetpack_publicize_message":"","jetpack_publicize_feature_enabled":true,"jetpack_social_post_already_shared":true,"jetpack_social_options":{"image_generator_settings":{"template":"highway","default_image_id":0,"font":"","enabled":false},"version":2}},"categories":[14],"tags":[210,1783,262,322,1784,1782,158],"class_list":["post-4694","post","type-post","status-publish","format-standard","hentry","category-nephrologie","tag-dialyse","tag-enquete","tag-irc","tag-maladie-renale-chronique","tag-nephrologi","tag-renaloo","tag-transplantation"],"jetpack_publicize_connections":[],"jetpack_featured_media_url":"","jetpack_shortlink":"https:\/\/wp.me\/p1l1zM-1dI","jetpack_sharing_enabled":true,"jetpack-related-posts":[],"_links":{"self":[{"href":"https:\/\/perruchenautomne.eu\/wordpress\/wp-json\/wp\/v2\/posts\/4694","targetHints":{"allow":["GET"]}}],"collection":[{"href":"https:\/\/perruchenautomne.eu\/wordpress\/wp-json\/wp\/v2\/posts"}],"about":[{"href":"https:\/\/perruchenautomne.eu\/wordpress\/wp-json\/wp\/v2\/types\/post"}],"author":[{"embeddable":true,"href":"https:\/\/perruchenautomne.eu\/wordpress\/wp-json\/wp\/v2\/users\/1"}],"replies":[{"embeddable":true,"href":"https:\/\/perruchenautomne.eu\/wordpress\/wp-json\/wp\/v2\/comments?post=4694"}],"version-history":[{"count":2,"href":"https:\/\/perruchenautomne.eu\/wordpress\/wp-json\/wp\/v2\/posts\/4694\/revisions"}],"predecessor-version":[{"id":4700,"href":"https:\/\/perruchenautomne.eu\/wordpress\/wp-json\/wp\/v2\/posts\/4694\/revisions\/4700"}],"wp:attachment":[{"href":"https:\/\/perruchenautomne.eu\/wordpress\/wp-json\/wp\/v2\/media?parent=4694"}],"wp:term":[{"taxonomy":"category","embeddable":true,"href":"https:\/\/perruchenautomne.eu\/wordpress\/wp-json\/wp\/v2\/categories?post=4694"},{"taxonomy":"post_tag","embeddable":true,"href":"https:\/\/perruchenautomne.eu\/wordpress\/wp-json\/wp\/v2\/tags?post=4694"}],"curies":[{"name":"wp","href":"https:\/\/api.w.org\/{rel}","templated":true}]}}