{"id":4920,"date":"2016-05-06T19:35:33","date_gmt":"2016-05-06T18:35:33","guid":{"rendered":"https:\/\/perruchenautomne.eu\/wordpress\/?p=4920"},"modified":"2016-10-18T12:36:48","modified_gmt":"2016-10-18T11:36:48","slug":"et-cest-lanniversaire-de-qui-aujourdhui","status":"publish","type":"post","link":"https:\/\/perruchenautomne.eu\/wordpress\/2016\/05\/06\/et-cest-lanniversaire-de-qui-aujourdhui\/","title":{"rendered":"Et c&rsquo;est l&rsquo;anniversaire de qui aujourd&rsquo;hui ?"},"content":{"rendered":"<blockquote><p><a href=\"http:\/\/giphy.com\/gifs\/portrait-freud-sigmund-9Aep5gxCFrY7C\"><img decoding=\"async\" class=\"alignnone size-full\" src=\"https:\/\/perruchenautomne.eu\/wordpress\/wp-content\/uploads\/2016\/05\/giphy.gif\" alt=\"\" \/><\/a><\/p><\/blockquote>\n<p>Un petit GIF pour le 160\u00e9 anniversaire de la naissance d&rsquo;un des hommes les plus aim\u00e9s et d\u00e9test\u00e9s. Happy birthday Sigismond.<\/p>\n<p>Source\u00a0: <em><a href=\"http:\/\/giphy.com\/gifs\/portrait-freud-sigmund-9Aep5gxCFrY7C\">Portrait GIF &#8211; Find &amp; Share on GIPHY<\/a><\/em><\/p>\n","protected":false},"excerpt":{"rendered":"<p>Un petit GIF pour le 160\u00e9 anniversaire de la naissance d&rsquo;un des hommes les plus aim\u00e9s et d\u00e9test\u00e9s. Happy birthday Sigismond. Source\u00a0: Portrait GIF &#8211; Find &amp; Share on GIPHY<\/p>\n","protected":false},"author":1,"featured_media":0,"comment_status":"open","ping_status":"open","sticky":false,"template":"","format":"standard","meta":{"jetpack_post_was_ever_published":false,"_jetpack_newsletter_access":"","_jetpack_dont_email_post_to_subs":true,"_jetpack_newsletter_tier_id":0,"_jetpack_memberships_contains_paywalled_content":false,"_jetpack_memberships_contains_paid_content":false,"footnotes":"","jetpack_publicize_message":"","jetpack_publicize_feature_enabled":true,"jetpack_social_post_already_shared":true,"jetpack_social_options":{"image_generator_settings":{"template":"highway","default_image_id":0,"font":"","enabled":false},"version":2}},"categories":[1],"tags":[],"class_list":["post-4920","post","type-post","status-publish","format-standard","hentry","category-non-classe"],"jetpack_publicize_connections":[],"jetpack_featured_media_url":"","jetpack_shortlink":"https:\/\/wp.me\/p1l1zM-1hm","jetpack_sharing_enabled":true,"jetpack-related-posts":[],"_links":{"self":[{"href":"https:\/\/perruchenautomne.eu\/wordpress\/wp-json\/wp\/v2\/posts\/4920","targetHints":{"allow":["GET"]}}],"collection":[{"href":"https:\/\/perruchenautomne.eu\/wordpress\/wp-json\/wp\/v2\/posts"}],"about":[{"href":"https:\/\/perruchenautomne.eu\/wordpress\/wp-json\/wp\/v2\/types\/post"}],"author":[{"embeddable":true,"href":"https:\/\/perruchenautomne.eu\/wordpress\/wp-json\/wp\/v2\/users\/1"}],"replies":[{"embeddable":true,"href":"https:\/\/perruchenautomne.eu\/wordpress\/wp-json\/wp\/v2\/comments?post=4920"}],"version-history":[{"count":1,"href":"https:\/\/perruchenautomne.eu\/wordpress\/wp-json\/wp\/v2\/posts\/4920\/revisions"}],"predecessor-version":[{"id":4922,"href":"https:\/\/perruchenautomne.eu\/wordpress\/wp-json\/wp\/v2\/posts\/4920\/revisions\/4922"}],"wp:attachment":[{"href":"https:\/\/perruchenautomne.eu\/wordpress\/wp-json\/wp\/v2\/media?parent=4920"}],"wp:term":[{"taxonomy":"category","embeddable":true,"href":"https:\/\/perruchenautomne.eu\/wordpress\/wp-json\/wp\/v2\/categories?post=4920"},{"taxonomy":"post_tag","embeddable":true,"href":"https:\/\/perruchenautomne.eu\/wordpress\/wp-json\/wp\/v2\/tags?post=4920"}],"curies":[{"name":"wp","href":"https:\/\/api.w.org\/{rel}","templated":true}]}}