{"id":4946,"date":"2016-05-17T14:29:47","date_gmt":"2016-05-17T13:29:47","guid":{"rendered":"https:\/\/perruchenautomne.eu\/wordpress\/?p=4946"},"modified":"2016-07-30T09:54:38","modified_gmt":"2016-07-30T08:54:38","slug":"les-patients-avec-une-maladie-renale-chronique-ne-sont-pas-coupables","status":"publish","type":"post","link":"https:\/\/perruchenautomne.eu\/wordpress\/2016\/05\/17\/les-patients-avec-une-maladie-renale-chronique-ne-sont-pas-coupables\/","title":{"rendered":"Les patients avec une maladie r\u00e9nale chronique ne sont pas coupables."},"content":{"rendered":"<p>Le patient avec une maladie r\u00e9nale chronique (MRC) est coupable. 43000 le sont tant qu\u2019ils dialysent.<\/p>\n<p>Ce n\u2019est pas moi qui le dit mais une <a href=\"http:\/\/www.renaloo.com\/actualites2\/les-dernieres-actualites-liste\/1444-tribune-dans-le-monde-du-17-mai-2016-la-dialyse-est-une-prison-allegeons-les-peines\">association de patients<\/a> dans le quotidien de r\u00e9f\u00e9rence qu&rsquo;est <a href=\"http:\/\/abonnes.lemonde.fr\/sciences\/article\/2016\/05\/16\/la-dialyse-est-une-prison-allegeons-les-peines_4920416_1650684.html\">le Monde<\/a>. En titrant <a href=\"http:\/\/www.renaloo.com\/images\/stories\/documents\/tribune17052016\/tribune%20Le%20Monde%2017052016%20La%20dialyse%20est%20une%20prison.pdf\">\u00ab\u00a0la dialyse est une prison\u00a0\u00bb<\/a>, Renaloo a choisi de stigmatiser les patients souffrant de maladies r\u00e9nales chroniques. Je trouve ceci tr\u00e8s \u00e9tonnant. Je laisse aux psychologues et psychiatres interpr\u00e9ter pourquoi des patients peuvent se sentir coupables de leur maladie.<\/p>\n<p>La <a href=\"https:\/\/fr.wikipedia.org\/wiki\/Prison\">prison<\/a> est faite pour punir d\u2019une faute. Quelle est la faute des patients m\u00e9ritant une punition ? \u00catre malade\u00a0? Je croyais ce discours culpabilisant d\u00e9pass\u00e9. je me trompais. Si une personne est malade,\u00a0 paye-t-elle un p\u00e9ch\u00e9? Je n\u2019ose pas imaginer le sens de la maladie g\u00e9n\u00e9tique dans ce mode de pens\u00e9e.<\/p>\n<p><a href=\"https:\/\/perruchenautomne.eu\/wordpress\/wp-content\/uploads\/2016\/05\/in_case_of_emergency.png\"><img loading=\"lazy\" decoding=\"async\" class=\"aligncenter size-full wp-image-4948\" src=\"https:\/\/perruchenautomne.eu\/wordpress\/wp-content\/uploads\/2016\/05\/in_case_of_emergency.png\" alt=\"in_case_of_emergency\" width=\"138\" height=\"206\" \/><\/a>Je suis choqu\u00e9 par cette assimilation du patient \u00e0 un coupable. La maladie n\u2019est pas un tribunal. Le soin n\u2019est pas une punition. Je suis tr\u00e8s inquiet de la vision de la maladie r\u00e9nale chronique qu\u2019\u00e0 cette association voulant apporter<a href=\"http:\/\/renaloo.com\/renaloo\/a-propos-de-renaloo\"><strong> soutien, information et entraide<\/strong><\/a>.<\/p>\n<p>Si je comprends bien. Celui qui refusera d\u2019\u00eatre transplant\u00e9, celui qui refusera la dialyse \u00e0 domicile sera stigmatis\u00e9 comme un imp\u00e9cunieux qui ruine la soci\u00e9t\u00e9 fran\u00e7aise. Celui \u00e2g\u00e9 ou avec une maladie grave qui souhaite dialys\u00e9 plut\u00f4t qu\u2019opter pour un traitement conservateur sera un dangereux d\u00e9pensier qui menace l\u2019\u00e9quilibre des compte de la nation. Celui qui refusera de poursuivre un r\u00e9gime, celui qui refusera de prendre un antihypertenseur pour avoir quelques points de pression art\u00e9rielle en moins, le patient avec une polykystose r\u00e9nale autosomique dominante qui refusera le tolvaptan du fait des effets secondaires, sera un coupable dont la sanction est la dialyse. \u00c9trange vision de l\u2019autonomie du patient, \u00e9trange refus de l&rsquo;autonomie de l\u2019individu malade de vivre sa vie comme il l\u2019entant. Le d\u00e9sir de normalisation du soin, de r\u00e9glementation du bien et du mal soign\u00e9 dans le champs de la prise en charge de la MRC au stade 5, me trouble, m\u2019inqui\u00e8te. Stigmatiser ceux qui auront choisi une technique plut\u00f4t qu&rsquo;une autre me choque.<\/p>\n<p>J\u2019ai du mal \u00e0 comprendre cette prise de position.<\/p>\n<p>La personne malade n&rsquo;est ni coupable, ni victime. C\u2019est une personne agissante, autonome qui a fait des choix dans sa vie, qui a \u00e9t\u00e9 soumis aux al\u00e9as de la g\u00e9n\u00e9tique, de l&rsquo;exposition environnementale et qui ayant une maladie va devoir l\u2019affronter et vivre avec. Elle ne doit pas \u00eatre stigmatis\u00e9e pour ses choix pass\u00e9s ou \u00e0 venir. Nous devons l&rsquo;aider \u00e0 s&rsquo;orienter vers la th\u00e9rapeutique la plus pertinente <strong>pour lui<\/strong> en accord avec les donn\u00e9es de la science m\u00e9dicale \u00e0 l&rsquo;instant t. La transplantation r\u00e9nale pr\u00e9emptive est le meilleur choix pour le traitement de la MRC au stade 5. Si mon patient refuse, j\u2019essaierai de le convaincre, si il refuse, j&rsquo;en reparlerai, s&rsquo;il refuse encore j&rsquo;en parlerai toujours mais je continuerai \u00e0 l&rsquo;accompagner sur ce chemin complexe qu&rsquo;est le soin. Je ne lui dirai jamais qu&rsquo;il va aller en prison pour le convaincre, car la peur est une mauvaise conseill\u00e8re. Je n&rsquo;oserai pas utiliser ces mots. J&rsquo;ai peut \u00eatre tort. J&rsquo;assume. J&rsquo;accepte son choix sans jugement.<\/p>\n<p>Je ne suis qu&rsquo;un n\u00e9phrologue de base, je ne suis pas sociologue, pas chef de service de r\u00e9animation, pas directrice g\u00e9n\u00e9rale de Renaloo, pas ancien directeur de la Haute Autorit\u00e9 de sant\u00e9, pas ancien pr\u00e9sident de la FNAIR, pas pr\u00e9sidente, pas secr\u00e9taire g\u00e9n\u00e9ral d\u00e9l\u00e9gu\u00e9 du CISS, pas ancien responsable du p\u00f4le strat\u00e9gie greffe de l\u2019Agence de la biom\u00e9decine. Je suis juste un m\u00e9decin qui n&rsquo;a pas envie qu&rsquo;on stigmatise ses patients en les traitant comme des coupables.<\/p>\n<p>Cette note est \u00e9crite en m\u00e9moire d&rsquo;une patiente qui a fait des choix dans sa vie que nous avons respect\u00e9 et que nous avons accompagn\u00e9 de notre mieux. Elle a \u00e9t\u00e9 tr\u00e8s importante dans ma formation. Elle m&rsquo;a donn\u00e9 de grandes le\u00e7ons de Vie. Je lui en suis infiniment reconnaissant.<\/p>\n<p><a href=\"https:\/\/perruchenautomne.eu\/wordpress\/wp-content\/uploads\/2016\/05\/20141101_111245.jpg\"><img loading=\"lazy\" decoding=\"async\" class=\"aligncenter size-full wp-image-4949\" src=\"https:\/\/perruchenautomne.eu\/wordpress\/wp-content\/uploads\/2016\/05\/20141101_111245.jpg\" alt=\"20141101_111245\" width=\"946\" height=\"925\" srcset=\"https:\/\/perruchenautomne.eu\/wordpress\/wp-content\/uploads\/2016\/05\/20141101_111245.jpg 946w, https:\/\/perruchenautomne.eu\/wordpress\/wp-content\/uploads\/2016\/05\/20141101_111245-300x293.jpg 300w, https:\/\/perruchenautomne.eu\/wordpress\/wp-content\/uploads\/2016\/05\/20141101_111245-768x751.jpg 768w\" sizes=\"auto, (max-width: 946px) 100vw, 946px\" \/><\/a><\/p>\n","protected":false},"excerpt":{"rendered":"<p>Le patient avec une maladie r\u00e9nale chronique (MRC) est coupable. 43000 le sont tant qu\u2019ils dialysent. Ce n\u2019est pas moi qui le dit mais une association de patients dans le quotidien de r\u00e9f\u00e9rence qu&rsquo;est le Monde. En titrant \u00ab\u00a0la dialyse &hellip; <a href=\"https:\/\/perruchenautomne.eu\/wordpress\/2016\/05\/17\/les-patients-avec-une-maladie-renale-chronique-ne-sont-pas-coupables\/\">Continuer la lecture <span class=\"meta-nav\">&rarr;<\/span><\/a><\/p>\n","protected":false},"author":1,"featured_media":0,"comment_status":"open","ping_status":"open","sticky":false,"template":"","format":"standard","meta":{"jetpack_post_was_ever_published":false,"_jetpack_newsletter_access":"","_jetpack_dont_email_post_to_subs":false,"_jetpack_newsletter_tier_id":0,"_jetpack_memberships_contains_paywalled_content":false,"_jetpack_memberships_contains_paid_content":false,"footnotes":"","jetpack_publicize_message":"","jetpack_publicize_feature_enabled":true,"jetpack_social_post_already_shared":true,"jetpack_social_options":{"image_generator_settings":{"template":"highway","default_image_id":0,"font":"","enabled":false},"version":2}},"categories":[11,14],"tags":[1874,322,1875,1782],"class_list":["post-4946","post","type-post","status-publish","format-standard","hentry","category-medecine-humeur","category-nephrologie","tag-coupable","tag-maladie-renale-chronique","tag-prison","tag-renaloo"],"jetpack_publicize_connections":[],"jetpack_featured_media_url":"","jetpack_shortlink":"https:\/\/wp.me\/p1l1zM-1hM","jetpack_sharing_enabled":true,"jetpack-related-posts":[],"_links":{"self":[{"href":"https:\/\/perruchenautomne.eu\/wordpress\/wp-json\/wp\/v2\/posts\/4946","targetHints":{"allow":["GET"]}}],"collection":[{"href":"https:\/\/perruchenautomne.eu\/wordpress\/wp-json\/wp\/v2\/posts"}],"about":[{"href":"https:\/\/perruchenautomne.eu\/wordpress\/wp-json\/wp\/v2\/types\/post"}],"author":[{"embeddable":true,"href":"https:\/\/perruchenautomne.eu\/wordpress\/wp-json\/wp\/v2\/users\/1"}],"replies":[{"embeddable":true,"href":"https:\/\/perruchenautomne.eu\/wordpress\/wp-json\/wp\/v2\/comments?post=4946"}],"version-history":[{"count":2,"href":"https:\/\/perruchenautomne.eu\/wordpress\/wp-json\/wp\/v2\/posts\/4946\/revisions"}],"predecessor-version":[{"id":4950,"href":"https:\/\/perruchenautomne.eu\/wordpress\/wp-json\/wp\/v2\/posts\/4946\/revisions\/4950"}],"wp:attachment":[{"href":"https:\/\/perruchenautomne.eu\/wordpress\/wp-json\/wp\/v2\/media?parent=4946"}],"wp:term":[{"taxonomy":"category","embeddable":true,"href":"https:\/\/perruchenautomne.eu\/wordpress\/wp-json\/wp\/v2\/categories?post=4946"},{"taxonomy":"post_tag","embeddable":true,"href":"https:\/\/perruchenautomne.eu\/wordpress\/wp-json\/wp\/v2\/tags?post=4946"}],"curies":[{"name":"wp","href":"https:\/\/api.w.org\/{rel}","templated":true}]}}