{"id":495,"date":"2011-08-31T18:19:13","date_gmt":"2011-08-31T17:19:13","guid":{"rendered":"https:\/\/perruchenautomne.eu\/wordpress\/?p=495"},"modified":"2020-02-03T09:04:21","modified_gmt":"2020-02-03T08:04:21","slug":"je-suis-un-bon-citoyen-mon-fils-est-mort-lettre-a-un-secretaire-detat","status":"publish","type":"post","link":"https:\/\/perruchenautomne.eu\/wordpress\/2011\/08\/31\/je-suis-un-bon-citoyen-mon-fils-est-mort-lettre-a-un-secretaire-detat\/","title":{"rendered":"Je suis un bon citoyen, mon fils est mort, lettre \u00e0 un secr\u00e9taire d&rsquo;\u00e9tat"},"content":{"rendered":"<p>Monsieur le secr\u00e9taire d&rsquo;\u00e9tat au commerce (fr\u00e9d\u00e9ric Lefebvre),<\/p>\n<p>Je vous \u00e9cris pour vous remercier de m&rsquo;avoir donner une raison de me r\u00e9jouir du d\u00e9c\u00e8s de mon fils. <a href=\"https:\/\/perruchenautomne.eu\/wordpress\/?page_id=44\">Son histoire est l\u00e0<\/a>. Je ne pense pas qu&rsquo;elle vous int\u00e9resse, mais si entre deux d\u00e9clarations fracassantes vous avez un peu de temps&#8230;<\/p>\n<p>En 38 secondes, vous avez <a href=\"http:\/\/abonnes.lemonde.fr\/politique\/article\/2011\/08\/31\/lien-entre-chomage-et-natalite-polemique-apres-les-propos-de-frederic-lefebvre_1565622_823448.html\">expliqu\u00e9 que la forte natalit\u00e9 fran\u00e7aise<\/a> est la cause du ch\u00f4mage et manifestement <a href=\"http:\/\/www.letelegramme.com\/ig\/generales\/france-monde\/france\/france-chomage-et-natalite-lefebvre-persiste-et-signe-31-08-2011-1415121.php\">vous en \u00eates convaincu<\/a>. J&rsquo;en conclus que la mort de chaque enfant doit \u00eatre une raison de vous r\u00e9jouir, car chaque d\u00e9c\u00e8s permet de diminuer le nombre des futurs ch\u00f4meurs. Si nous sommes des bons fran\u00e7ais nous devrions aussi \u00eatre satisfait \u00e0 chaque mort d&rsquo;enfant ou d&rsquo;adolescent. Je suis d\u00e9sol\u00e9 de ne pas pouvoir vous suivre dans cette direction. La mort m&rsquo;attriste.<\/p>\n<p>Je ne suis qu&rsquo;un humble n\u00e9phrologue. Je suis incapable de savoir si techniquement vous avez <a href=\"http:\/\/lexpansion.lexpress.fr\/economie\/chomage-et-natalite-frederic-lefebvre-a-t-il-vraiment-tort_261453.html\">raison<\/a> ou <a href=\"http:\/\/tempsreel.nouvelobs.com\/actualite\/laurent-joffrin\/20110830.OBS9492\/chomage-frederic-lefebvre-desavoue-sarkozy.html\">tort<\/a>. Si je vous suis pour r\u00e9sorber le ch\u00f4mage, il suffirait d&rsquo;\u00e9liminer les ch\u00f4meurs, effectivement, c&rsquo;est un raisonnement imparable. Ce sera peut \u00eatre votre prochaine proposition.<\/p>\n<p>J&rsquo;ai un grand respect pour la chose publique inculqu\u00e9e par des grands parents qui ont tous \u00e9t\u00e9 des serviteurs de l&rsquo;\u00e9tat. Je ne voulais pas remettre en cause la parole d&rsquo;un repr\u00e9sentant de l&rsquo;\u00e9tat fran\u00e7ais. Quand on a \u00e9t\u00e9 \u00e9lev\u00e9 par deux instituteurs de la r\u00e9publique, certainement valeurs sont inculqu\u00e9es, le respect de l&rsquo;ordre, de la r\u00e9publique, des hommes et femmes la repr\u00e9sentant. Mes deux grands parents maternels ont fait une partie de leur carri\u00e8re de l&rsquo;autre cot\u00e9 de la m\u00e9diterran\u00e9e, alors d\u00e9partement fran\u00e7ais.<\/p>\n<p>Je ne voulais pas \u00e9crire cette lettre et j&rsquo;ai entendu cette magnifique \u00e9mission de france culture sur l\u2019Alg\u00e9rie, <a href=\"http:\/\/www.franceculture.com\/emission-les-grandes-traversees-algerie-doc-le-pont-des-soupirs-2011-07-29.html\">le pont des soupirs<\/a>. Ecoutez l\u00e0, faites l\u00e0 \u00e9coutez \u00e0 vos amis, juste pour une petite le\u00e7on d&rsquo;humanit\u00e9. Dans cette \u00e9mission, un des t\u00e9moins,\u00a0Aline Cesp\u00e9d\u00e8s Vignes d\u00e9crit la mort de sa fille. Plus de 50 ans apr\u00e8s, il y a toujours la m\u00eame \u00e9motion dans la voix, comme si elle voyait la petite fille morte pour la premi\u00e8re fois. Moi, 8 ans et demi plus tard, en pensant \u00e0 oscar, \u00e0 ses petits pieds, ses petites mains, les larmes montent toujours et ma voix d\u00e9raille. Je ne voulais pas transmettre ma r\u00e9action \u00e9pidermique \u00e0 la lecture de vos propos, mais le t\u00e9moignage de cette vieille femme sur sa fille (v\u00e9ronique) morte pour rien, m&rsquo;en a donn\u00e9 le courage.<\/p>\n<p>Vous ne vous \u00eates sans doute pas rendu compte de la port\u00e9e de vos propos pour tous ceux qui comme moi on perdu un enfant. J&rsquo;ai, imm\u00e9diatement, de fa\u00e7on instinctive, pens\u00e9 \u00e0 mon fils mort. J&rsquo;ai entendu dans vos propos une agression, je ne sais pas pourquoi, alors qu&rsquo;il devait plut\u00f4t me rass\u00e9r\u00e9ner. Mon fils est mort, il ne viendra pas enfler les statistiques du ch\u00f4mage de la belle r\u00e9publique fran\u00e7aise. Mais je ne vois aucun r\u00e9confort dans vos propos, je n&rsquo;y vois que cynisme et m\u00e9pris pour nous. Car voyez vous, en fait, je suis un mauvais fran\u00e7ais. J&rsquo;ai quatre filles qui malheureusement pour vos belles statistiques sont vivantes, tr\u00e8s vivantes. Je fais partie dans votre classification de l&rsquo;antifrance. Je vais participer \u00e0 la d\u00e9gradation de vos belles statistiques.<\/p>\n<p>Vos propos sont m\u00e9prisant pour nous parents de familles nombreuses. Je suis choqu\u00e9. Alors j&rsquo;\u00e9cris juste pour vous dire que nos enfants ne sont pas des statistiques, nos enfants sont des \u00eatres de chair, de sang, nos enfants nous les aimons. Mes filles et mon fils sont les \u00eatres les plus importants de ma vie. Si je suis encore l\u00e0 c&rsquo;est gr\u00e2ce \u00e0 mes deux filles ain\u00e9es. Elles iront peut \u00eatre gonfler vos statistiques. Je ne sais pas.<\/p>\n<p>Tout ce que je sais c&rsquo;est que je les aime.<\/p>\n<p>Avant de parlez de chiffres, souvenez vous que derri\u00e8re chacun, il y a des individus, des \u00eatres humains comme moi, comme vous. J&rsquo;ai appris en parlant de statistiques, \u00e0 imaginez la personne derri\u00e8re le chiffre. C&rsquo;est mon m\u00e9tier, partir du g\u00e9n\u00e9ral, pour allez au particulier. Essayer, juste une fois, vous verrez, c&rsquo;est un point de vue int\u00e9ressant la hauteur d&rsquo;homme&#8230;<\/p>\n<p>Je ne mets pas de formule de politesse, c&rsquo;est le cot\u00e9 carabin, mal \u00e9lev\u00e9, ou plut\u00f4t ayant mal profit\u00e9 de ma bonne \u00e9ducation.<\/p>\n","protected":false},"excerpt":{"rendered":"<p>Monsieur le secr\u00e9taire d&rsquo;\u00e9tat au commerce (fr\u00e9d\u00e9ric Lefebvre), Je vous \u00e9cris pour vous remercier de m&rsquo;avoir donner une raison de me r\u00e9jouir du d\u00e9c\u00e8s de mon fils. Son histoire est l\u00e0. Je ne pense pas qu&rsquo;elle vous int\u00e9resse, mais si &hellip; <a href=\"https:\/\/perruchenautomne.eu\/wordpress\/2011\/08\/31\/je-suis-un-bon-citoyen-mon-fils-est-mort-lettre-a-un-secretaire-detat\/\">Continuer la lecture <span class=\"meta-nav\">&rarr;<\/span><\/a><\/p>\n","protected":false},"author":1,"featured_media":0,"comment_status":"open","ping_status":"open","sticky":false,"template":"","format":"standard","meta":{"jetpack_post_was_ever_published":false,"_jetpack_newsletter_access":"","_jetpack_dont_email_post_to_subs":false,"_jetpack_newsletter_tier_id":0,"_jetpack_memberships_contains_paywalled_content":false,"_jetpack_memberships_contains_paid_content":false,"footnotes":"","jetpack_publicize_message":"","jetpack_publicize_feature_enabled":true,"jetpack_social_post_already_shared":false,"jetpack_social_options":{"image_generator_settings":{"template":"highway","default_image_id":0,"font":"","enabled":false},"version":2}},"categories":[95,18,19],"tags":[249,250,251,248],"class_list":["post-495","post","type-post","status-publish","format-standard","hentry","category-blog","category-o","category-semaine","tag-chomage","tag-lefebvre","tag-mauvaise-humeur","tag-oscar"],"jetpack_publicize_connections":[],"jetpack_featured_media_url":"","jetpack_shortlink":"https:\/\/wp.me\/p1l1zM-7Z","jetpack_sharing_enabled":true,"jetpack-related-posts":[],"_links":{"self":[{"href":"https:\/\/perruchenautomne.eu\/wordpress\/wp-json\/wp\/v2\/posts\/495","targetHints":{"allow":["GET"]}}],"collection":[{"href":"https:\/\/perruchenautomne.eu\/wordpress\/wp-json\/wp\/v2\/posts"}],"about":[{"href":"https:\/\/perruchenautomne.eu\/wordpress\/wp-json\/wp\/v2\/types\/post"}],"author":[{"embeddable":true,"href":"https:\/\/perruchenautomne.eu\/wordpress\/wp-json\/wp\/v2\/users\/1"}],"replies":[{"embeddable":true,"href":"https:\/\/perruchenautomne.eu\/wordpress\/wp-json\/wp\/v2\/comments?post=495"}],"version-history":[{"count":3,"href":"https:\/\/perruchenautomne.eu\/wordpress\/wp-json\/wp\/v2\/posts\/495\/revisions"}],"predecessor-version":[{"id":5012,"href":"https:\/\/perruchenautomne.eu\/wordpress\/wp-json\/wp\/v2\/posts\/495\/revisions\/5012"}],"wp:attachment":[{"href":"https:\/\/perruchenautomne.eu\/wordpress\/wp-json\/wp\/v2\/media?parent=495"}],"wp:term":[{"taxonomy":"category","embeddable":true,"href":"https:\/\/perruchenautomne.eu\/wordpress\/wp-json\/wp\/v2\/categories?post=495"},{"taxonomy":"post_tag","embeddable":true,"href":"https:\/\/perruchenautomne.eu\/wordpress\/wp-json\/wp\/v2\/tags?post=495"}],"curies":[{"name":"wp","href":"https:\/\/api.w.org\/{rel}","templated":true}]}}