{"id":4990,"date":"2016-07-06T16:13:57","date_gmt":"2016-07-06T15:13:57","guid":{"rendered":"https:\/\/perruchenautomne.eu\/wordpress\/?p=4990"},"modified":"2016-10-18T12:35:01","modified_gmt":"2016-10-18T11:35:01","slug":"emotion","status":"publish","type":"post","link":"https:\/\/perruchenautomne.eu\/wordpress\/2016\/07\/06\/emotion\/","title":{"rendered":"Emotion"},"content":{"rendered":"<p>Depuis une quinzaine de jours, j&rsquo;\u00e9coute en boucle deux albums.<\/p>\n<p>Le premier est le nouvel opus en trio de Brad Mehldau: \u00ab\u00a0Blues and Ballads \u00ab\u00a0. <a href=\"https:\/\/perruchenautomne.eu\/wordpress\/wp-content\/uploads\/2016\/07\/06-And-I-Love-Her-mp3-image.jpg\"><img loading=\"lazy\" decoding=\"async\" class=\"aligncenter wp-image-4992\" src=\"https:\/\/perruchenautomne.eu\/wordpress\/wp-content\/uploads\/2016\/07\/06-And-I-Love-Her-mp3-image.jpg\" alt=\"\" width=\"345\" height=\"314\" srcset=\"https:\/\/perruchenautomne.eu\/wordpress\/wp-content\/uploads\/2016\/07\/06-And-I-Love-Her-mp3-image.jpg 888w, https:\/\/perruchenautomne.eu\/wordpress\/wp-content\/uploads\/2016\/07\/06-And-I-Love-Her-mp3-image-300x273.jpg 300w, https:\/\/perruchenautomne.eu\/wordpress\/wp-content\/uploads\/2016\/07\/06-And-I-Love-Her-mp3-image-768x698.jpg 768w\" sizes=\"auto, (max-width: 345px) 100vw, 345px\" \/><\/a>Le deuxi\u00e8me est le dernier disque du quartet de Branford Marsalis avec pour invit\u00e9 Kurt Elling \u00ab\u00a0Upward Spiral\u00a0\u00bb.<\/p>\n<p>&nbsp;<\/p>\n<p><a href=\"https:\/\/perruchenautomne.eu\/wordpress\/wp-content\/uploads\/2016\/07\/cover.jpg\"><img loading=\"lazy\" decoding=\"async\" class=\"wp-image-4996 aligncenter\" src=\"https:\/\/perruchenautomne.eu\/wordpress\/wp-content\/uploads\/2016\/07\/cover.jpg\" alt=\"?????????????\" width=\"462\" height=\"462\" srcset=\"https:\/\/perruchenautomne.eu\/wordpress\/wp-content\/uploads\/2016\/07\/cover.jpg 1500w, https:\/\/perruchenautomne.eu\/wordpress\/wp-content\/uploads\/2016\/07\/cover-150x150.jpg 150w, https:\/\/perruchenautomne.eu\/wordpress\/wp-content\/uploads\/2016\/07\/cover-300x300.jpg 300w, https:\/\/perruchenautomne.eu\/wordpress\/wp-content\/uploads\/2016\/07\/cover-768x768.jpg 768w, https:\/\/perruchenautomne.eu\/wordpress\/wp-content\/uploads\/2016\/07\/cover-1024x1024.jpg 1024w\" sizes=\"auto, (max-width: 462px) 100vw, 462px\" \/><\/a><\/p>\n<p>Ces deux musiciens sont des explorateurs. Ceux sont de bons compositeurs. Ils sont surtout des interpr\u00e8tes et arrangeurs exceptionnels. En les \u00e9coutant, j&rsquo;ai l&rsquo;impression qu\u2019\u00e9merge a classical world music songbook, comme il existe a classical american songbook, qui a permis aux jazzmen de conduire l&rsquo;art de l&rsquo;improvisation \u00e0\u00a0 des sommets. Mehldau aiment depuis longtemps reprendre des classiques de la pop, pour les arranger \u00e0 sa sauce. Le r\u00e9sultat est parfois sublime. Pour Marsalis que je connais moins, j&rsquo;ai d\u00e9couvert \u00e0 cette occasion qu&rsquo;il faisait ce genre d&#8217;emprunt avec un immense talent. J&rsquo;aime ces rencontres, quand de superbes musiciens rendent hommage \u00e0 des songwriters incroyables en sublimant la m\u00e9lodie.<\/p>\n<p>Les deux morceaux embl\u00e9matiques de cette approche sont une chanson des Beatles et un titre de Sting. Ces deux m\u00e9lodies sont belles. Les interpr\u00e9tations proposaient les magnifient. Cet exercice est l&rsquo;essence de cette musique fabuleuse qu&rsquo;est le jazz. Je vous conseille de monter le son et de ne rien faire d&rsquo;autre qu&rsquo;\u00e9couter. Ils m\u00e9ritent 19 minutes de concentration.<\/p>\n[audio: https:\/\/perruchenautomne.eu\/wordpress\/wp-content\/uploads\/2016\/07\/06-And-I-Love-Her.mp3]\n<p>&nbsp;<\/p>\n[audio: https:\/\/perruchenautomne.eu\/wordpress\/wp-content\/uploads\/2016\/07\/04-Practical-Arrangement.mp3]\n","protected":false},"excerpt":{"rendered":"<p>Depuis une quinzaine de jours, j&rsquo;\u00e9coute en boucle deux albums. Le premier est le nouvel opus en trio de Brad Mehldau: \u00ab\u00a0Blues and Ballads \u00ab\u00a0. Le deuxi\u00e8me est le dernier disque du quartet de Branford Marsalis avec pour invit\u00e9 Kurt &hellip; <a href=\"https:\/\/perruchenautomne.eu\/wordpress\/2016\/07\/06\/emotion\/\">Continuer la lecture <span class=\"meta-nav\">&rarr;<\/span><\/a><\/p>\n","protected":false},"author":1,"featured_media":0,"comment_status":"open","ping_status":"open","sticky":false,"template":"","format":"standard","meta":{"jetpack_post_was_ever_published":false,"_jetpack_newsletter_access":"","_jetpack_dont_email_post_to_subs":true,"_jetpack_newsletter_tier_id":0,"_jetpack_memberships_contains_paywalled_content":false,"_jetpack_memberships_contains_paid_content":false,"footnotes":"","jetpack_publicize_message":"","jetpack_publicize_feature_enabled":true,"jetpack_social_post_already_shared":true,"jetpack_social_options":{"image_generator_settings":{"template":"highway","default_image_id":0,"font":"","enabled":false},"version":2}},"categories":[9],"tags":[1885,479,1884,415,1097],"class_list":["post-4990","post","type-post","status-publish","format-standard","hentry","category-musique","tag-beatles","tag-jazz","tag-marsalis","tag-mehldau","tag-sting"],"jetpack_publicize_connections":[],"jetpack_featured_media_url":"","jetpack_shortlink":"https:\/\/wp.me\/s1l1zM-emotion","jetpack_sharing_enabled":true,"jetpack-related-posts":[],"_links":{"self":[{"href":"https:\/\/perruchenautomne.eu\/wordpress\/wp-json\/wp\/v2\/posts\/4990","targetHints":{"allow":["GET"]}}],"collection":[{"href":"https:\/\/perruchenautomne.eu\/wordpress\/wp-json\/wp\/v2\/posts"}],"about":[{"href":"https:\/\/perruchenautomne.eu\/wordpress\/wp-json\/wp\/v2\/types\/post"}],"author":[{"embeddable":true,"href":"https:\/\/perruchenautomne.eu\/wordpress\/wp-json\/wp\/v2\/users\/1"}],"replies":[{"embeddable":true,"href":"https:\/\/perruchenautomne.eu\/wordpress\/wp-json\/wp\/v2\/comments?post=4990"}],"version-history":[{"count":3,"href":"https:\/\/perruchenautomne.eu\/wordpress\/wp-json\/wp\/v2\/posts\/4990\/revisions"}],"predecessor-version":[{"id":4998,"href":"https:\/\/perruchenautomne.eu\/wordpress\/wp-json\/wp\/v2\/posts\/4990\/revisions\/4998"}],"wp:attachment":[{"href":"https:\/\/perruchenautomne.eu\/wordpress\/wp-json\/wp\/v2\/media?parent=4990"}],"wp:term":[{"taxonomy":"category","embeddable":true,"href":"https:\/\/perruchenautomne.eu\/wordpress\/wp-json\/wp\/v2\/categories?post=4990"},{"taxonomy":"post_tag","embeddable":true,"href":"https:\/\/perruchenautomne.eu\/wordpress\/wp-json\/wp\/v2\/tags?post=4990"}],"curies":[{"name":"wp","href":"https:\/\/api.w.org\/{rel}","templated":true}]}}