{"id":5156,"date":"2016-09-18T08:17:35","date_gmt":"2016-09-18T07:17:35","guid":{"rendered":"https:\/\/perruchenautomne.eu\/wordpress\/?p=5156"},"modified":"2016-09-18T10:45:13","modified_gmt":"2016-09-18T09:45:13","slug":"incomprehension","status":"publish","type":"post","link":"https:\/\/perruchenautomne.eu\/wordpress\/2016\/09\/18\/incomprehension\/","title":{"rendered":"Incompr\u00e9hension"},"content":{"rendered":"<p>Fin de semaine studieuse \u00e0 Varsovie, apr\u00e8s deux jours de r\u00e9union autour des toxines ur\u00e9miques, je suis all\u00e9 me promener. Je voulais voir ce qu&rsquo;il restait <a href=\"https:\/\/fr.wikipedia.org\/wiki\/Ghetto_de_Varsovie\">du ghetto<\/a>. Sur le plan de l\u2019h\u00f4tel, il \u00e9tait dit que tout avait \u00e9t\u00e9 ras\u00e9 par les nazis. Il ne restait qu&rsquo;un fragment de mur au ul.Sienna 55.<\/p>\n<p><div id=\"attachment_5164\" style=\"width: 810px\" class=\"wp-caption aligncenter\"><a href=\"https:\/\/perruchenautomne.eu\/wordpress\/wp-content\/uploads\/2016\/09\/800px-Warsaw_Ghetto.svg_.png\"><img loading=\"lazy\" decoding=\"async\" aria-describedby=\"caption-attachment-5164\" class=\"wp-image-5164 size-full\" src=\"https:\/\/perruchenautomne.eu\/wordpress\/wp-content\/uploads\/2016\/09\/800px-Warsaw_Ghetto.svg_.png\" alt=\"800px-warsaw_ghetto-svg\" width=\"800\" height=\"705\" srcset=\"https:\/\/perruchenautomne.eu\/wordpress\/wp-content\/uploads\/2016\/09\/800px-Warsaw_Ghetto.svg_.png 800w, https:\/\/perruchenautomne.eu\/wordpress\/wp-content\/uploads\/2016\/09\/800px-Warsaw_Ghetto.svg_-300x264.png 300w, https:\/\/perruchenautomne.eu\/wordpress\/wp-content\/uploads\/2016\/09\/800px-Warsaw_Ghetto.svg_-768x677.png 768w\" sizes=\"auto, (max-width: 800px) 100vw, 800px\" \/><\/a><p id=\"caption-attachment-5164\" class=\"wp-caption-text\">Par [User:Jkan997] \u2014 http:\/\/sharemap.org\/public\/Warsaw_GhettoGeospatial data sources:Open Street Map Data (CC-SA-BY) &#8211; http:\/\/wiki.openstreetmap.org\/wiki\/OpenStreetMap_LicenseWarsaw City Administration materials &#8211; http:\/\/getto.um.warszawa.pl\/index.php, CC BY-SA 3.0, https:\/\/commons.wikimedia.org\/w\/index.php?curid=20772411<\/p><\/div>Je rep\u00e9rais le lieu et me dirigeais sous le soleil polonais vers ce que j&rsquo;imaginais \u00eatre un lieu de m\u00e9moire. Quelle ne fut pas ma surprise quand arrivant devant le 55, je ne voyais rien, pas de panneau, pas d&rsquo;indication, une porte bien ferm\u00e9e avec un digicode. J&rsquo;avance un peu et je tombe sur cette plaque.<\/p>\n<p><a href=\"https:\/\/perruchenautomne.eu\/wordpress\/wp-content\/uploads\/2016\/09\/plaque_55_sienna.jpg\"><img loading=\"lazy\" decoding=\"async\" class=\"aligncenter size-full wp-image-5157\" src=\"https:\/\/perruchenautomne.eu\/wordpress\/wp-content\/uploads\/2016\/09\/plaque_55_sienna.jpg\" alt=\"plaque_55_sienna\" width=\"800\" height=\"1560\" srcset=\"https:\/\/perruchenautomne.eu\/wordpress\/wp-content\/uploads\/2016\/09\/plaque_55_sienna.jpg 800w, https:\/\/perruchenautomne.eu\/wordpress\/wp-content\/uploads\/2016\/09\/plaque_55_sienna-154x300.jpg 154w, https:\/\/perruchenautomne.eu\/wordpress\/wp-content\/uploads\/2016\/09\/plaque_55_sienna-768x1498.jpg 768w, https:\/\/perruchenautomne.eu\/wordpress\/wp-content\/uploads\/2016\/09\/plaque_55_sienna-525x1024.jpg 525w\" sizes=\"auto, (max-width: 800px) 100vw, 800px\" \/><\/a>La plaque indique qu&rsquo;une partie du mur du ghetto a \u00e9t\u00e9 conserv\u00e9 dans la cour du b\u00e2timent. Rien n&rsquo;est indiqu\u00e9 sur comment rentr\u00e9. La plaque du dessus rend hommage au<a href=\"https:\/\/en.wikipedia.org\/wiki\/Chrobry_II_Battalion\"> bataillon Chobry II<\/a>. Je me redirige vers l&rsquo;entr\u00e9e, pas de sonnette, pas de moyen simple pour ouvrir la porte. Je regarde sur le cot\u00e9, pas moyen de rentrer. Je vois un marron d&rsquo;Inde que je ramasse, j&rsquo;aime bien cet arbre et ses fruits. Il me rappelle mon enfance heureuse. Je retourne vers la porte. Je vois une vieille dame ouvrir une autre porte vitr\u00e9e, en face, j&rsquo;attends, elle se dirige vers moi, appuie sur l&rsquo;ouvre-porte int\u00e9rieur. Je lui tiens la porte. Elle me dit quelques mots en polonais en souriant. Je ne comprends rien, je souris, je rentre. Je me dirige vers l&rsquo;autre porte qui s&rsquo;ouvre de l&rsquo;int\u00e9rieur mais pas de l&rsquo;ext\u00e9rieur. Je vois le jumeau du digicode de la rue. Comment faire pour explorer la cour si je reste enferm\u00e9 dehors apr\u00e8s? J&rsquo;ai mon\u00a0 marron dans la poche. Je bloque la porte avec, esp\u00e9rant que personne ne viendra.<\/p>\n<p>Le mur est juste \u00e0 gauche en sortant.<\/p>\n<p><a href=\"https:\/\/perruchenautomne.eu\/wordpress\/wp-content\/uploads\/2016\/09\/20160917_154713.jpg\"><img loading=\"lazy\" decoding=\"async\" class=\"aligncenter size-full wp-image-5161\" src=\"https:\/\/perruchenautomne.eu\/wordpress\/wp-content\/uploads\/2016\/09\/20160917_154713.jpg\" alt=\"20160917_154713\" width=\"800\" height=\"461\" srcset=\"https:\/\/perruchenautomne.eu\/wordpress\/wp-content\/uploads\/2016\/09\/20160917_154713.jpg 800w, https:\/\/perruchenautomne.eu\/wordpress\/wp-content\/uploads\/2016\/09\/20160917_154713-300x173.jpg 300w, https:\/\/perruchenautomne.eu\/wordpress\/wp-content\/uploads\/2016\/09\/20160917_154713-768x443.jpg 768w\" sizes=\"auto, (max-width: 800px) 100vw, 800px\" \/><\/a>Deux plaques indiquent bien que c&rsquo;est ici.<\/p>\n<p><a href=\"https:\/\/perruchenautomne.eu\/wordpress\/wp-content\/uploads\/2016\/09\/20160917_154633.jpg\"><img loading=\"lazy\" decoding=\"async\" class=\"aligncenter size-full wp-image-5163\" src=\"https:\/\/perruchenautomne.eu\/wordpress\/wp-content\/uploads\/2016\/09\/20160917_154633.jpg\" alt=\"20160917_154633\" width=\"800\" height=\"451\" srcset=\"https:\/\/perruchenautomne.eu\/wordpress\/wp-content\/uploads\/2016\/09\/20160917_154633.jpg 800w, https:\/\/perruchenautomne.eu\/wordpress\/wp-content\/uploads\/2016\/09\/20160917_154633-300x169.jpg 300w, https:\/\/perruchenautomne.eu\/wordpress\/wp-content\/uploads\/2016\/09\/20160917_154633-768x433.jpg 768w\" sizes=\"auto, (max-width: 800px) 100vw, 800px\" \/><\/a>L&rsquo;une est du m\u00e9morial am\u00e9ricain de l&rsquo;holocauste.<\/p>\n<p><a href=\"https:\/\/perruchenautomne.eu\/wordpress\/wp-content\/uploads\/2016\/09\/20160917_154647.jpg\"><img loading=\"lazy\" decoding=\"async\" class=\"aligncenter size-full wp-image-5162\" src=\"https:\/\/perruchenautomne.eu\/wordpress\/wp-content\/uploads\/2016\/09\/20160917_154647.jpg\" alt=\"20160917_154647\" width=\"800\" height=\"745\" srcset=\"https:\/\/perruchenautomne.eu\/wordpress\/wp-content\/uploads\/2016\/09\/20160917_154647.jpg 800w, https:\/\/perruchenautomne.eu\/wordpress\/wp-content\/uploads\/2016\/09\/20160917_154647-300x279.jpg 300w, https:\/\/perruchenautomne.eu\/wordpress\/wp-content\/uploads\/2016\/09\/20160917_154647-768x715.jpg 768w\" sizes=\"auto, (max-width: 800px) 100vw, 800px\" \/><\/a>J&rsquo;\u00e9tais \u00e9mu devant ce mur, ultime t\u00e9moignage physique, de ce cauchemar que fut le ghetto de Varsovie.<\/p>\n<p>L&rsquo;endroit \u00e9tait silencieux, j&rsquo;\u00e9tais seul. En levant les yeux, derri\u00e8re le mur, on voit la pointe du palais de la culture et de la science presque cach\u00e9e par une tour moderne. Sur un clich\u00e9, un r\u00e9sum\u00e9 de 60 ans d&rsquo;histoire de ce pays, le drame de la seconde guerre mondiale, l&rsquo;oppression sovi\u00e9tique et l&rsquo;\u00e8re post-sovi\u00e9tique.<\/p>\n<p><a href=\"https:\/\/perruchenautomne.eu\/wordpress\/wp-content\/uploads\/2016\/09\/20160917_154753.jpg\"><img loading=\"lazy\" decoding=\"async\" class=\"aligncenter size-full wp-image-5158\" src=\"https:\/\/perruchenautomne.eu\/wordpress\/wp-content\/uploads\/2016\/09\/20160917_154753.jpg\" alt=\"20160917_154753\" width=\"800\" height=\"1400\" srcset=\"https:\/\/perruchenautomne.eu\/wordpress\/wp-content\/uploads\/2016\/09\/20160917_154753.jpg 800w, https:\/\/perruchenautomne.eu\/wordpress\/wp-content\/uploads\/2016\/09\/20160917_154753-171x300.jpg 171w, https:\/\/perruchenautomne.eu\/wordpress\/wp-content\/uploads\/2016\/09\/20160917_154753-768x1344.jpg 768w, https:\/\/perruchenautomne.eu\/wordpress\/wp-content\/uploads\/2016\/09\/20160917_154753-585x1024.jpg 585w\" sizes=\"auto, (max-width: 800px) 100vw, 800px\" \/><\/a> J&rsquo;ai r\u00e9cup\u00e9r\u00e9 mon marron qui a tenu la porte ouverte. Je suis parti en silence.<\/p>\n<p>J&rsquo;ai bien fait de venir au ul.Sienna 55. J&rsquo;ai bien fait d&rsquo;\u00eatre patient.<\/p>\n<p>Cette exp\u00e9rience me laisse perplexe.<\/p>\n<p>Est ce que je suis vraiment pas d\u00e9gourdi? Y avait il un moyen plus facile d&rsquo;acc\u00e9der \u00e0 ce pan qui me semble important de l&rsquo;histoire de cette ville? Quel est le sens d&rsquo;une non accessibilit\u00e9 ais\u00e9e?<\/p>\n<p>Si vous avez des r\u00e9ponses, je suis preneur. J&rsquo;avais bien cru comprendre que la Pologne a des petits probl\u00e8mes avec sa m\u00e9moire en particulier concernant son r\u00f4le dans la Shoah, comme en t\u00e9moigne<a href=\"http:\/\/www.franceculture.fr\/emissions\/la-fabrique-de-l-histoire\/la-fabrique-de-l-histoire-vendredi-10-juin-2016?xtmc=gross&amp;xtnp=1&amp;xtcr=2\"> les soucis de l&rsquo;historien Jan Tomasz Gross<\/a>.<\/p>\n<p>Est ce que ceci a un rapport ou est ce juste un probl\u00e8me de propri\u00e9t\u00e9 priv\u00e9e?<\/p>\n<p>En \u00e9crivant cette note, j&rsquo;ai d\u00e9couvert <a href=\"http:\/\/www.shabbat-goy.com\/ghettos\/decouvrir-les-22-memoriaux-du-ghetto-de-varsovie\/\">ce site<\/a> qui m&rsquo;aurait permis une exploration plus int\u00e9ressante de cette m\u00e9moire.<\/p>\n<p>Gr\u00e2ce \u00e0 wikipedia et <a href=\"https:\/\/commons.wikimedia.org\/wiki\/Category:Historic_walls_of_Warsaw_Ghetto\">wikicommons<\/a>, j&rsquo;ai d\u00e9couvert qu&rsquo;il y a un autre pan de mur au 60 ou 62, Zlota et qui semble plus facile d&rsquo;acc\u00e8s. J&rsquo;aurais du mieux chercher.<\/p>\n<p>MAJ apr\u00e8s retour en France. Je suis all\u00e9 regarder dans le routard d\u00e8s mon arriv\u00e9e \u00e0 l&rsquo;a\u00e9roport. Il explique tr\u00e8s bien ces petits probl\u00e8mes que j&rsquo;ai rencontr\u00e9. Comme quoi un guide de voyage peut \u00eatre utile. C&rsquo;est ma seconde je soutiens l&rsquo;\u00e9dition fran\u00e7aise.<\/p>\n","protected":false},"excerpt":{"rendered":"<p>Fin de semaine studieuse \u00e0 Varsovie, apr\u00e8s deux jours de r\u00e9union autour des toxines ur\u00e9miques, je suis all\u00e9 me promener. Je voulais voir ce qu&rsquo;il restait du ghetto. Sur le plan de l\u2019h\u00f4tel, il \u00e9tait dit que tout avait \u00e9t\u00e9 &hellip; <a href=\"https:\/\/perruchenautomne.eu\/wordpress\/2016\/09\/18\/incomprehension\/\">Continuer la lecture <span class=\"meta-nav\">&rarr;<\/span><\/a><\/p>\n","protected":false},"author":1,"featured_media":0,"comment_status":"open","ping_status":"open","sticky":false,"template":"","format":"standard","meta":{"jetpack_post_was_ever_published":false,"_jetpack_newsletter_access":"","_jetpack_dont_email_post_to_subs":true,"_jetpack_newsletter_tier_id":0,"_jetpack_memberships_contains_paywalled_content":false,"_jetpack_memberships_contains_paid_content":false,"footnotes":"","jetpack_publicize_message":"","jetpack_publicize_feature_enabled":true,"jetpack_social_post_already_shared":true,"jetpack_social_options":{"image_generator_settings":{"template":"highway","default_image_id":0,"font":"","enabled":false},"version":2}},"categories":[47,1611],"tags":[1935,1934,1936,1933],"class_list":["post-5156","post","type-post","status-publish","format-standard","hentry","category-histoire-2","category-voyages","tag-exploration","tag-ghetto","tag-memoire","tag-varsovie"],"jetpack_publicize_connections":[],"jetpack_featured_media_url":"","jetpack_shortlink":"https:\/\/wp.me\/p1l1zM-1la","jetpack_sharing_enabled":true,"jetpack-related-posts":[],"_links":{"self":[{"href":"https:\/\/perruchenautomne.eu\/wordpress\/wp-json\/wp\/v2\/posts\/5156","targetHints":{"allow":["GET"]}}],"collection":[{"href":"https:\/\/perruchenautomne.eu\/wordpress\/wp-json\/wp\/v2\/posts"}],"about":[{"href":"https:\/\/perruchenautomne.eu\/wordpress\/wp-json\/wp\/v2\/types\/post"}],"author":[{"embeddable":true,"href":"https:\/\/perruchenautomne.eu\/wordpress\/wp-json\/wp\/v2\/users\/1"}],"replies":[{"embeddable":true,"href":"https:\/\/perruchenautomne.eu\/wordpress\/wp-json\/wp\/v2\/comments?post=5156"}],"version-history":[{"count":4,"href":"https:\/\/perruchenautomne.eu\/wordpress\/wp-json\/wp\/v2\/posts\/5156\/revisions"}],"predecessor-version":[{"id":5168,"href":"https:\/\/perruchenautomne.eu\/wordpress\/wp-json\/wp\/v2\/posts\/5156\/revisions\/5168"}],"wp:attachment":[{"href":"https:\/\/perruchenautomne.eu\/wordpress\/wp-json\/wp\/v2\/media?parent=5156"}],"wp:term":[{"taxonomy":"category","embeddable":true,"href":"https:\/\/perruchenautomne.eu\/wordpress\/wp-json\/wp\/v2\/categories?post=5156"},{"taxonomy":"post_tag","embeddable":true,"href":"https:\/\/perruchenautomne.eu\/wordpress\/wp-json\/wp\/v2\/tags?post=5156"}],"curies":[{"name":"wp","href":"https:\/\/api.w.org\/{rel}","templated":true}]}}