{"id":5255,"date":"2016-11-06T18:57:27","date_gmt":"2016-11-06T17:57:27","guid":{"rendered":"https:\/\/perruchenautomne.eu\/wordpress\/?p=5255"},"modified":"2016-11-06T18:57:27","modified_gmt":"2016-11-06T17:57:27","slug":"une-semaine-de-bonheur-intellectuel","status":"publish","type":"post","link":"https:\/\/perruchenautomne.eu\/wordpress\/2016\/11\/06\/une-semaine-de-bonheur-intellectuel\/","title":{"rendered":"Une semaine de bonheur intellectuel"},"content":{"rendered":"<blockquote>\n<p style=\"text-align: left;\">\u00ab\u00a0-Pourquoi avez-vous piti\u00e9 de lui? lui demandai-je. Il est heureux. Il vit un r\u00eave, et de cette fa\u00e7on, sa richesse est plus assur\u00e9e que n&rsquo;importe quelle autre. Car ce que l&rsquo;on poss\u00e8de en r\u00eave, une arm\u00e9e enti\u00e8re d\u2019ennemis ne saurait vous le prendre. Sauf le r\u00e9veil&#8230; Mais qui serait assez cruel pour le r\u00e9veiller?\u00a0\u00bb<br \/>\nLa Neige de Saint Pierre par L\u00e9o Perutz<\/p>\n<\/blockquote>\n<p style=\"text-align: left;\">J&rsquo;ai fini ma semaine d&rsquo;astreinte en lisant ce tr\u00e8s beau roman, de L\u00e9o Perutz. L&rsquo;intrigue est bien tourn\u00e9e. L&rsquo;\u00e9criture est toujours aussi tenue et de qualit\u00e9. Le sujet est tr\u00e8s actuel. C&rsquo;est une histoire de m\u00e9decin. C&rsquo;est peut \u00eatre le meilleur que j&rsquo;ai lu de lui.<\/p>\n<p style=\"text-align: left;\">J&rsquo;ai pass\u00e9 ma semaine en \u00e9coutant les <a href=\"https:\/\/www.franceculture.fr\/emissions\/les-nouveaux-chemins-de-la-connaissance\/glenn-gould-pianiste-spirituel-13-le-piano-de\">nouveaux chemins de la connaissance<\/a> sur Glenn Gould. Ce fut passionnant, je connaissais le pianiste, j&rsquo;ai d\u00e9couvert un penseur. Les trois \u00e9missions sont tr\u00e8s bien. Elles donnent envie d&rsquo;\u00e9couter ce grand monsieur de la musique et de lire ses \u00e9crits. Je pense avoir trouv\u00e9 les livres qui accompagneront mes futures vacances.<\/p>\n<p style=\"text-align: left;\">Mon autre \u00e9coute matinale fut la <a href=\"https:\/\/www.franceculture.fr\/emissions\/la-compagnie-des-auteurs\/oscar-wilde-14-un-destin-tragique-et-fabuleux\">compagnie des auteurs<\/a> et 4 \u00e9missions consacr\u00e9es au dandy d\u00e9chu de la litt\u00e9rature europ\u00e9enne, Oscar Wilde. La qualit\u00e9 des intervenants est in\u00e9gales mais les textes de Wilde sont l\u00e0 et \u00e7a n&rsquo;a pas de prix. Ma pr\u00e9f\u00e9r\u00e9e fut celle avec <a href=\"https:\/\/www.franceculture.fr\/emissions\/la-compagnie-des-auteurs\/oscar-wilde-24-homosexuel-et-martyr\">Charles Dantzig<\/a>. J&rsquo;aime cet auteur, son \u0153uvre, sa vie, si le portrait de Dorian Gray est l\u2019\u0153uvre la plus connue, je persiste \u00e0 penser que la <a href=\"https:\/\/perruchenautomne.eu\/wordpress\/?p=930\">ballade de la ge\u00f4le de Readings<\/a> est un po\u00e8me d&rsquo;une qualit\u00e9 rare, porteur d&rsquo;une \u00e9motion toujours intacte apr\u00e8s les relectures. La <a href=\"https:\/\/www.franceculture.fr\/emissions\/la-compagnie-des-auteurs\/oscar-wilde-44-un-theatre-de-labsurde\">derni\u00e8re \u00e9mission<\/a> donne tr\u00e8s envie de lire le th\u00e9\u00e2tre que je connais mal. C&rsquo;est une tr\u00e8s bonne introduction au monde de Wilde et en plus <a href=\"https:\/\/www.edx.org\/course\/oscar-wilde-ecrivain-et-penseur-du-sorbonnex-ll001x\">un MOOC<\/a> vient de commencer sur cet auteur majeur.<\/p>\n<p style=\"text-align: left;\">J&rsquo;ai pass\u00e9 une tr\u00e8s bonne semaine en compagnie de ces artistes. L&rsquo;art apaise bien des contrari\u00e9t\u00e9s de la vie, en particulier la litt\u00e9rature et la musique.<\/p>\n","protected":false},"excerpt":{"rendered":"<p>\u00ab\u00a0-Pourquoi avez-vous piti\u00e9 de lui? lui demandai-je. Il est heureux. Il vit un r\u00eave, et de cette fa\u00e7on, sa richesse est plus assur\u00e9e que n&rsquo;importe quelle autre. Car ce que l&rsquo;on poss\u00e8de en r\u00eave, une arm\u00e9e enti\u00e8re d\u2019ennemis ne saurait &hellip; <a href=\"https:\/\/perruchenautomne.eu\/wordpress\/2016\/11\/06\/une-semaine-de-bonheur-intellectuel\/\">Continuer la lecture <span class=\"meta-nav\">&rarr;<\/span><\/a><\/p>\n","protected":false},"author":1,"featured_media":0,"comment_status":"open","ping_status":"open","sticky":false,"template":"","format":"standard","meta":{"jetpack_post_was_ever_published":false,"_jetpack_newsletter_access":"","_jetpack_dont_email_post_to_subs":false,"_jetpack_newsletter_tier_id":0,"_jetpack_memberships_contains_paywalled_content":false,"_jetpack_memberships_contains_paid_content":false,"footnotes":"","jetpack_publicize_message":"","jetpack_publicize_feature_enabled":true,"jetpack_social_post_already_shared":true,"jetpack_social_options":{"image_generator_settings":{"template":"highway","default_image_id":0,"font":"","enabled":false},"version":2}},"categories":[34,1609,9],"tags":[],"class_list":["post-5255","post","type-post","status-publish","format-standard","hentry","category-litterature","category-livres","category-musique"],"jetpack_publicize_connections":[],"jetpack_featured_media_url":"","jetpack_shortlink":"https:\/\/wp.me\/p1l1zM-1mL","jetpack_sharing_enabled":true,"jetpack-related-posts":[],"_links":{"self":[{"href":"https:\/\/perruchenautomne.eu\/wordpress\/wp-json\/wp\/v2\/posts\/5255","targetHints":{"allow":["GET"]}}],"collection":[{"href":"https:\/\/perruchenautomne.eu\/wordpress\/wp-json\/wp\/v2\/posts"}],"about":[{"href":"https:\/\/perruchenautomne.eu\/wordpress\/wp-json\/wp\/v2\/types\/post"}],"author":[{"embeddable":true,"href":"https:\/\/perruchenautomne.eu\/wordpress\/wp-json\/wp\/v2\/users\/1"}],"replies":[{"embeddable":true,"href":"https:\/\/perruchenautomne.eu\/wordpress\/wp-json\/wp\/v2\/comments?post=5255"}],"version-history":[{"count":2,"href":"https:\/\/perruchenautomne.eu\/wordpress\/wp-json\/wp\/v2\/posts\/5255\/revisions"}],"predecessor-version":[{"id":5257,"href":"https:\/\/perruchenautomne.eu\/wordpress\/wp-json\/wp\/v2\/posts\/5255\/revisions\/5257"}],"wp:attachment":[{"href":"https:\/\/perruchenautomne.eu\/wordpress\/wp-json\/wp\/v2\/media?parent=5255"}],"wp:term":[{"taxonomy":"category","embeddable":true,"href":"https:\/\/perruchenautomne.eu\/wordpress\/wp-json\/wp\/v2\/categories?post=5255"},{"taxonomy":"post_tag","embeddable":true,"href":"https:\/\/perruchenautomne.eu\/wordpress\/wp-json\/wp\/v2\/tags?post=5255"}],"curies":[{"name":"wp","href":"https:\/\/api.w.org\/{rel}","templated":true}]}}