{"id":5357,"date":"2016-12-14T17:34:53","date_gmt":"2016-12-14T16:34:53","guid":{"rendered":"https:\/\/perruchenautomne.eu\/wordpress\/?p=5357"},"modified":"2016-12-14T18:02:03","modified_gmt":"2016-12-14T17:02:03","slug":"lodorant-ou-lodorat-telle-est-lasperge","status":"publish","type":"post","link":"https:\/\/perruchenautomne.eu\/wordpress\/2016\/12\/14\/lodorant-ou-lodorat-telle-est-lasperge\/","title":{"rendered":"L&rsquo;odorant ou l&rsquo;odorat? Telle est l&rsquo;asperge"},"content":{"rendered":"<p>Une sagace lectrice de ce blog a remarqu\u00e9 que j&rsquo;aimais bien <a href=\"https:\/\/perruchenautomne.eu\/wordpress\/?p=285\">les plantes et leurs relations<\/a> avec le pipi. Elle a eu la gentillesse de m&rsquo;envoyer <a href=\"http:\/\/www.bmj.com\/content\/355\/bmj.i6071\">un article du BMJ de no\u00ebl<\/a> sur un sujet important pour l&rsquo;esp\u00e8ce humaine.<\/p>\n<p>La question de mon titre s&rsquo;applique \u00e0 40 \u00e0 50% de la population quand elle mange des asperges. Marcel Proust \u00e9tait <a href=\"http:\/\/proust-personnages.fr\/?page_id=4627\">un amoureux des asperges<\/a>. Il avait remarqu\u00e9 l&rsquo;odeur que donne aux urines cette tige exquise, elle <a href=\"http:\/\/proust-personnages.fr\/?page_id=4627\">lui plaisait<\/a>. Toutes les personnes mangeant des asperges ne sentent pas l&rsquo;odeur typique dans leurs urines. Une grave et grande question est de savoir si il s&rsquo;agit d&rsquo;un probl\u00e8me d&rsquo;odorat ou de production de la substance odorante par le m\u00e9tabolisme humain. Un article sugg\u00e8re qu&rsquo;il y a <a href=\"http:\/\/chemse.oxfordjournals.org\/content\/36\/1\/9.full\">un peu des deux<\/a>. Certaines personnes ne sont pas capables de produire de grandes quantit\u00e9s du parfum et d&rsquo;autres sont incapables de le sentir. Les analyses g\u00e9n\u00e9tiques conduites montraient un r\u00e9sultat plut\u00f4t en faveur d&rsquo;une anosmie car il y avait un lien entre l&rsquo;incapacit\u00e9 \u00e0 sentir et un polymorphisme dans le g\u00e8ne d&rsquo;un r\u00e9cepteur olfactif <em>OR2M7. <\/em>Il n&rsquo;y avait pas de lien entre la capacit\u00e9 de produire la substance odorante et celle de la sentir.<\/p>\n<p>L&rsquo;hypoth\u00e8se anosmie apr\u00e8s cet article de 2011 reste la num\u00e9ro 1. Une <a href=\"http:\/\/www.bmj.com\/content\/355\/bmj.i6071\">\u00e9quipe am\u00e9ricaine<\/a> a voulu confirmer cette hypoth\u00e8se anosmie en r\u00e9alisant une \u00e9tude de liaison g\u00e9n\u00e9tique entre le trait ph\u00e9notypique \u00ab\u00a0je sens pas\u00a0\u00bb et des marqueurs polymorphes du g\u00e9nome humain. Ils ont \u00e9tudi\u00e9s plus de 6909 personnes. 39,8% sentent cette puissante odeur soufr\u00e9 apr\u00e8s avoir mang\u00e9 des asperges et 60,3% sont anosmiques pour cette d\u00e9licate odeur. Vous remarquerez ce total de 100,1%. 871 SNP (polymorphismes) sont associ\u00e9s \u00e0 l&rsquo;anosmie. Ils sont tous localis\u00e9s dans une r\u00e9gion du chromosome 1 qui porte des g\u00e8nes codant pour des r\u00e9cepteurs olfactifs (OR2).<\/p>\n<p><a href=\"https:\/\/perruchenautomne.eu\/wordpress\/wp-content\/uploads\/2016\/12\/F1.large_.jpg\"><img loading=\"lazy\" decoding=\"async\" class=\"aligncenter size-full wp-image-5358\" src=\"https:\/\/perruchenautomne.eu\/wordpress\/wp-content\/uploads\/2016\/12\/F1.large_.jpg\" alt=\"\" width=\"1280\" height=\"938\" srcset=\"https:\/\/perruchenautomne.eu\/wordpress\/wp-content\/uploads\/2016\/12\/F1.large_.jpg 1280w, https:\/\/perruchenautomne.eu\/wordpress\/wp-content\/uploads\/2016\/12\/F1.large_-300x220.jpg 300w, https:\/\/perruchenautomne.eu\/wordpress\/wp-content\/uploads\/2016\/12\/F1.large_-768x563.jpg 768w, https:\/\/perruchenautomne.eu\/wordpress\/wp-content\/uploads\/2016\/12\/F1.large_-1024x750.jpg 1024w\" sizes=\"auto, (max-width: 1280px) 100vw, 1280px\" \/><\/a>3 SNPs r\u00e9sistent \u00e0 des analyses compl\u00e9mentaires, un est en d\u00e9s\u00e9quilibre de liaisons avec des mutations inactivant probablement un r\u00e9cepteur olfactif, <em>OR2M7<\/em>.<\/p>\n<p>Cet article supporte fortement l&rsquo;hypoth\u00e8se anosmie comme la bonne. Elle n&rsquo;invalide pas compl\u00e9tement l&rsquo;hypoth\u00e8se incapacit\u00e9 de produire la substance chimique. Pour y r\u00e9pondre de fa\u00e7on formelle il faudrait identifier la substance responsable de l&rsquo;odeur, tester la population et refaire le GWAS. Je ne crois pas que quiconque se lancera l\u00e0 dedans.<\/p>\n<p>L&rsquo;absence de liaison avec un g\u00e8ne codant pour une enzyme h\u00e9patique par exemple impliqu\u00e9e dans le m\u00e9tabolisme n&rsquo;\u00e9limine pas la possibilit\u00e9 du d\u00e9faut de production. Une hypoth\u00e8se \u00e0 tester est la substance odorante est produite non pas par un m\u00e9tabolisme humain mais pas un m\u00e9tabolisme microbien. Un composant de l&rsquo;asperge pourrait \u00eatre m\u00e9tabolis\u00e9 par un type bact\u00e9rien particulier responsable de la production d&rsquo;un compos\u00e9 porteur de l&rsquo;odeur. On ne comprendrait pas pourquoi il y aurait un lien entre microbiote et des polymorphismes de r\u00e9cepteurs olfactifs mais comprenons nous tous les liens entre notre g\u00e9nome et notre microbiome.<\/p>\n<p>Une exp\u00e9rience assez simple serait de prendre quelques volontaires sains capables de sentir l&rsquo;odeur de l&rsquo;asperge dans leurs urines, de faire une d\u00e9contamination digestive et de voir si ceci modifie la production de l&rsquo;odeur des urines. Cette approche est assez facile.<\/p>\n<p>Il ne reste plus qu&rsquo;\u00e0 \u00e9crire le protocole, obtenir les autorisations et trouver les volontaires.<\/p>\n<p>L&rsquo;\u00e9dition 2016 du BMJ de no\u00ebl promet d&rsquo;\u00eatre excellente. Elle contente d\u00e9j\u00e0 mes perversions intellectuelles.<\/p>\n","protected":false},"excerpt":{"rendered":"<p>Une sagace lectrice de ce blog a remarqu\u00e9 que j&rsquo;aimais bien les plantes et leurs relations avec le pipi. Elle a eu la gentillesse de m&rsquo;envoyer un article du BMJ de no\u00ebl sur un sujet important pour l&rsquo;esp\u00e8ce humaine. La &hellip; <a href=\"https:\/\/perruchenautomne.eu\/wordpress\/2016\/12\/14\/lodorant-ou-lodorat-telle-est-lasperge\/\">Continuer la lecture <span class=\"meta-nav\">&rarr;<\/span><\/a><\/p>\n","protected":false},"author":1,"featured_media":0,"comment_status":"open","ping_status":"open","sticky":false,"template":"","format":"standard","meta":{"jetpack_post_was_ever_published":false,"_jetpack_newsletter_access":"","_jetpack_dont_email_post_to_subs":true,"_jetpack_newsletter_tier_id":0,"_jetpack_memberships_contains_paywalled_content":false,"_jetpack_memberships_contains_paid_content":false,"footnotes":"","jetpack_publicize_message":"","jetpack_publicize_feature_enabled":true,"jetpack_social_post_already_shared":true,"jetpack_social_options":{"image_generator_settings":{"template":"highway","default_image_id":0,"font":"","enabled":false},"version":2}},"categories":[13,61],"tags":[1990,913,1991],"class_list":["post-5357","post","type-post","status-publish","format-standard","hentry","category-medecine-2","category-science","tag-asperge","tag-microbiote","tag-odeur"],"jetpack_publicize_connections":[],"jetpack_featured_media_url":"","jetpack_shortlink":"https:\/\/wp.me\/p1l1zM-1op","jetpack_sharing_enabled":true,"jetpack-related-posts":[],"_links":{"self":[{"href":"https:\/\/perruchenautomne.eu\/wordpress\/wp-json\/wp\/v2\/posts\/5357","targetHints":{"allow":["GET"]}}],"collection":[{"href":"https:\/\/perruchenautomne.eu\/wordpress\/wp-json\/wp\/v2\/posts"}],"about":[{"href":"https:\/\/perruchenautomne.eu\/wordpress\/wp-json\/wp\/v2\/types\/post"}],"author":[{"embeddable":true,"href":"https:\/\/perruchenautomne.eu\/wordpress\/wp-json\/wp\/v2\/users\/1"}],"replies":[{"embeddable":true,"href":"https:\/\/perruchenautomne.eu\/wordpress\/wp-json\/wp\/v2\/comments?post=5357"}],"version-history":[{"count":2,"href":"https:\/\/perruchenautomne.eu\/wordpress\/wp-json\/wp\/v2\/posts\/5357\/revisions"}],"predecessor-version":[{"id":5360,"href":"https:\/\/perruchenautomne.eu\/wordpress\/wp-json\/wp\/v2\/posts\/5357\/revisions\/5360"}],"wp:attachment":[{"href":"https:\/\/perruchenautomne.eu\/wordpress\/wp-json\/wp\/v2\/media?parent=5357"}],"wp:term":[{"taxonomy":"category","embeddable":true,"href":"https:\/\/perruchenautomne.eu\/wordpress\/wp-json\/wp\/v2\/categories?post=5357"},{"taxonomy":"post_tag","embeddable":true,"href":"https:\/\/perruchenautomne.eu\/wordpress\/wp-json\/wp\/v2\/tags?post=5357"}],"curies":[{"name":"wp","href":"https:\/\/api.w.org\/{rel}","templated":true}]}}