{"id":5504,"date":"2017-06-23T12:54:07","date_gmt":"2017-06-23T11:54:07","guid":{"rendered":"https:\/\/perruchenautomne.eu\/wordpress\/?p=5504"},"modified":"2017-06-23T12:54:07","modified_gmt":"2017-06-23T11:54:07","slug":"ecni-2017-rien-na-change","status":"publish","type":"post","link":"https:\/\/perruchenautomne.eu\/wordpress\/2017\/06\/23\/ecni-2017-rien-na-change\/","title":{"rendered":"ECNi 2017, rien n&rsquo;a chang\u00e9"},"content":{"rendered":"<p>Au lendemain de la fin des ECNi 2017, d\u00e9cal\u00e9e d&rsquo;une journ\u00e9e, en raison de l&rsquo;obligation de faire repasser deux blocs de six dossiers aux \u00e9tudiants <a href=\"http:\/\/www.lemonde.fr\/campus\/article\/2017\/06\/22\/etudes-de-medecine-nouvelle-annulation-d-une-epreuve-de-l-internat-ecn_5149537_4401467.html\">en raison de petits soucis<\/a> dans le choix de deux dossiers soumis aux \u00e9tudiants, j&rsquo;avais envie de faire une petite note.<\/p>\n<p>Comme je fais parti de la caste des quiches,<\/p>\n<blockquote class=\"twitter-tweet\" data-lang=\"fr\">\n<p dir=\"ltr\" lang=\"fr\">Les \u00e9tudiants en m\u00e9decine en ont marre que les professeurs d&rsquo;universit\u00e9 g\u00e8rent les examens comme des quiches !<a href=\"https:\/\/t.co\/ASx66wC9fR\">https:\/\/t.co\/ASx66wC9fR<\/a><\/p>\n<p>\u2014 Dominique Dupagne (@DDupagne) <a href=\"https:\/\/twitter.com\/DDupagne\/status\/877764002343989248\">22 juin 2017<\/a><\/p><\/blockquote>\n<p>j&rsquo;ai eu un comportement de quiches. Dans le cas particulier une quiche est un PU-PH qui soumet pour \u00eatre int\u00e9gr\u00e9 dans la banque de dossier, un dossier qu&rsquo;il a d\u00e9j\u00e0 pos\u00e9 \u00e0 ses \u00e9tudiants. Une pratique vieille comme l&rsquo;ECN ou l&rsquo;internat. En 1993, un dossier avait \u00e9t\u00e9 annul\u00e9 pour cette raison, officiellement car il \u00e9tait hors sujet, en fait il avait d\u00e9j\u00e0 \u00e9t\u00e9 pos\u00e9 et accessible dans certaines annales, il s&rsquo;agissait d&rsquo;une cryoglobulin\u00e9mie. J&rsquo;ai beaucoup regrett\u00e9 son annulation. Quand nous avions une \u00e9preuve de QCM, il n&rsquo;\u00e9tait pas rare de retrouver des QCM tout droit sorties des annales. Ce n&rsquo;\u00e9tait pas tr\u00e8s grave car tout le monde bossait sur les m\u00eames annales.<\/p>\n<p>Ici, le sujet est plus probl\u00e9matique car ce brave enseignant n&rsquo;avait pas rendu son sujet accessible \u00e0 tous les \u00e9tudiants de France et de Navarre mais uniquement \u00e0 ceux de sa facult\u00e9. Ce probl\u00e8me ne se poserait pas si tous les dossiers d&rsquo;entrainement d\u00e9pos\u00e9s dans feu SIDES \u00e9taient accessibles \u00e0 tous les \u00e9tudiants sans distinction. La deuxi\u00e8me \u00e9preuve a \u00e9t\u00e9 annul\u00e9e en raison de la pr\u00e9sence d&rsquo;un dossier d\u00e9j\u00e0 pos\u00e9 \u00e0 un ECN blanc en 2016. L\u00e0 aussi si il y avait un d\u00e9p\u00f4t des sujets d\u00e9j\u00e0 pos\u00e9s dans une base accessible \u00e0 tous, ce genre de gags ne surviendrait pas.<\/p>\n<p>Revenons \u00e0 mon comportement de quiche, c&rsquo;est celui d&rsquo;un grand fain\u00e9ant qui ne s&rsquo;est pas cass\u00e9 la t\u00eate en soumettant \u00e0 la banque nationale de questions. D&rsquo;ailleurs comment c&rsquo;est g\u00e9r\u00e9 cette banque nationale? Il faut voir le texte fondateur de <a href=\"https:\/\/www.legifrance.gouv.fr\/affichTexte.do?cidTexte=JORFTEXT000030916532&amp;dateTexte=20170320\">l&rsquo;ECNi<\/a>.<\/p>\n<blockquote><p>ANNEXE<br \/>\nGESTION DE LA BANQUE NATIONALE DE QUESTIONS TIRAGE AU SORT DES DOSSIERS &#8211; R\u00c9DACTION DES QUESTIONS<\/p>\n<p>Conform\u00e9ment \u00e0 l&rsquo;arr\u00eat\u00e9 du 25 septembre 2008, une banque nationale de questions des \u00e9preuves classantes nationales est constitu\u00e9e par le <strong>conseil scientifique en m\u00e9decine<\/strong> plac\u00e9 aupr\u00e8s du minist\u00e8re en charge de l&rsquo;enseignement sup\u00e9rieur. Cette banque nationale de questions comprend des dossiers cliniques progressifs, des questions isol\u00e9es \u00e0 choix multiple r\u00e9dig\u00e9es \u00e0 partir des 11 unit\u00e9s d&rsquo;enseignement transdisciplinaires et des 362 items d\u00e9finis au III de l&rsquo;arr\u00eat\u00e9 du 8 avril 2013 susvis\u00e9 et des articles scientifiques.<br \/>\n<strong>La constitution de cette banque nationale est assur\u00e9e par les membres du conseil scientifique en m\u00e9decine<\/strong> qui \u00e9laborent les questions des ECN, en faisant appel, en tant que de besoin, \u00e0 des experts dont les comp\u00e9tences couvrent le programme mentionn\u00e9 au pr\u00e9c\u00e9dent alin\u00e9a.<br \/>\nChaque ann\u00e9e, le pr\u00e9sident du conseil scientifique en m\u00e9decine fait tirer au sort :<\/p>\n<p>&#8211; dix-huit dossiers progressifs cliniques ainsi qu&rsquo;au moins douze dossiers de r\u00e9serve ;<br \/>\n&#8211; cent vingt questions isol\u00e9es et cent-vingt questions de r\u00e9serve ;<br \/>\n&#8211; les deux sujets correspondant \u00e0 l&rsquo;\u00e9preuve de lecture critique de deux articles scientifiques et de deux sujets de r\u00e9serve.<\/p><\/blockquote>\n<p>La banque est constitu\u00e9 par le conseil scientifique en m\u00e9decine, mais qui est le conseil scientifique en m\u00e9decine? Car finalement ceux sont eux les responsables du fiasco, car ils cr\u00e9ent la base de donn\u00e9es des sujets et doivent v\u00e9rifier la pertinence des sujets tir\u00e9s au sort. La responsabilit\u00e9 de ce jour suppl\u00e9mentaire repose sur son pr\u00e9sident, le pauvre. La composition de ce conseil est <a href=\"http:\/\/www.enseignementsup-recherche.gouv.fr\/pid20536\/bulletin-officiel.html?cid_bo=60904&amp;cbo=1\">donn\u00e9 l\u00e0<\/a>.<\/p>\n<blockquote><p><span class=\"nor_contenu\">&#8211; Pierre Ambrosi, professeur des universit\u00e9s-praticien hospitalier \u00e0 l&rsquo;universit\u00e9 Aix-Marseille-II<br \/>\n&#8211; Philippe Chaffanjon, professeur des universit\u00e9s-praticien hospitalier \u00e0 l&rsquo;universit\u00e9 de Grenoble<br \/>\n&#8211; Didier Dreyfuss, professeur des universit\u00e9s-praticien hospitalier \u00e0 l&rsquo;universit\u00e9 Paris-VII<br \/>\n&#8211; Damien Jolly, professeur des universit\u00e9s-praticien hospitalier \u00e0 l&rsquo;universit\u00e9 de Reims<br \/>\n&#8211; Claire Le Jeunne, professeure des universit\u00e9s-praticien hospitalier \u00e0 l&rsquo;universit\u00e9 Paris-V<br \/>\n&#8211; G\u00e9rard Lorette, professeur des universit\u00e9s-praticien hospitalier \u00e0 l&rsquo;universit\u00e9 de Tours<br \/>\n&#8211; Laurent Obert, professeur des universit\u00e9-praticien hospitalier \u00e0 l&rsquo;universit\u00e9 de Besan\u00e7on<br \/>\n&#8211; Jean-Michel Rogez, professeur des universit\u00e9-praticien hospitalier \u00e0 l&rsquo;universit\u00e9 de Nantes<\/span><\/p><\/blockquote>\n<p>Il y a eu un changement <a href=\"http:\/\/www.enseignementsup-recherche.gouv.fr\/pid20536\/bulletin_officiel.html?cid_bo=76028&amp;cbo=1\">en 2013<\/a>.<\/p>\n<blockquote><p><span class=\"nor_contenu\">Jean-Paul Romanet, professeur des universit\u00e9s-praticien hospitalier \u00e0 l&rsquo;universit\u00e9 de Grenoble, est nomm\u00e9 membre du conseil scientifique en m\u00e9decine, \u00e0 compter du 29 ao\u00fbt 2013, en remplacement du professeur Jean-Michel Rogez<\/span><\/p><\/blockquote>\n<p>Les membres sont nomm\u00e9s pour 4 ans. Je n&rsquo;ai pas trouv\u00e9 de nouvelle liste, juste une <a href=\"http:\/\/www.enseignementsup-recherche.gouv.fr\/pid20536\/bulletin_officiel.html?cid_bo=108857&amp;cbo=1\">prorogation jusqu&rsquo;en janvier 2017<\/a>. Ce qui veux dire sous r\u00e9serve, du fait que j&rsquo;ai peut \u00eatre rat\u00e9 un texte, que la composition est la m\u00eame depuis 2012 et ceci de fa\u00e7on ill\u00e9gale car la prorogation ne va que jusqu&rsquo;en janvier 2017. Si vous avez d&rsquo;autres r\u00e9f\u00e9rences je suis preneur. Si ceci se confirme, de la responsabilit\u00e9 du conseil scientifique on passe \u00e0 celle du minist\u00e8re. La chaine de responsabilit\u00e9 devient tr\u00e8s int\u00e9ressante&#8230;<\/p>\n<p>Revenons \u00e0 mes moutons, comme une bonne quiche de PU-PH fain\u00e9ant, je me souvenais vaguement avoir \u00e9crit <a href=\"https:\/\/perruchenautomne.eu\/wordpress\/?p=403\">une note sur le fiasco des ECN 2011<\/a>, et oui d\u00e9j\u00e0, tous le monde avait jur\u00e9 plus jamais \u00e7a&#8230; Je suis all\u00e9 la relire. J&rsquo;ai bien fait. Je n&rsquo;ai rien \u00e0 ajouter de plus 6 ans plus tard, \u00e0 mon grand d\u00e9sespoir.<\/p>\n<p>Je le redis encore une fois, cet \u00e9chec est un un \u00e9chec collectif de la communaut\u00e9 hospitalo-universitaire fran\u00e7aise. Nous portons tous une part de responsabilit\u00e9 par notre engagement insuffisant dans l&rsquo;enseignement et dans la r\u00e9daction des sujets. Je bats bien volontiers ma coulpe. Je n&rsquo;ai rien d\u00e9pos\u00e9 dans SIDES comme dossiers progressifs. Si on me demande dans les conditions actuelles de faire des dossiers pour la base nationale, je refuserai. Je n&rsquo;aime pas les QCMs, je n&rsquo;aime pas cette vision dichotomique de la v\u00e9rit\u00e9 m\u00e9dicale, vrai\/faux alors que le raisonnement est plus complexe. On pourra me dire ce que l&rsquo;on veut mais pour \u00eatre d&rsquo;une g\u00e9n\u00e9ration qui a bouff\u00e9 du QCMs, je ne crois pas que le modelage de l&rsquo;apprentissage pour y r\u00e9pondre soit d&rsquo;une grande utilit\u00e9 pratique au lit du malade. Je ne demande qu&rsquo;\u00e0 \u00eatre convaincu de la pertinence de ce mod\u00e8le docimologique, mais avec des donn\u00e9es, pas des raisonnements fumeux. Je vous rappelle <a href=\"https:\/\/perruchenautomne.eu\/wordpress\/?p=3383\">cette petite note<\/a> sur une \u00e9ventuelle corr\u00e9lation comp\u00e9tence clinique\/classement \u00e0 l&rsquo;ECN.<\/p>\n<p>Encore une fois, collectivement, nous devons revoir l&rsquo;acc\u00e8s au 3\u00e9 cycle des \u00e9tudes m\u00e9dicales, le sens d&rsquo;une usine \u00e0 gaz qui n&rsquo;\u00e9value jamais les comp\u00e9tences cliniques. Les <a href=\"https:\/\/twitter.com\/doyensmed\/status\/878212683631394817\">propositions faites par la conf\u00e9rence des doyens<\/a> me parait une bonne base de travail.<\/p>\n<p>A titre personnel, je pr\u00e9sent mes excuses aux \u00e9tudiants de DFASM3 qui ont du composer une journ\u00e9e de plus. J&rsquo;esp\u00e8re que ceci ne se reproduira plus.<\/p>\n","protected":false},"excerpt":{"rendered":"<p>Au lendemain de la fin des ECNi 2017, d\u00e9cal\u00e9e d&rsquo;une journ\u00e9e, en raison de l&rsquo;obligation de faire repasser deux blocs de six dossiers aux \u00e9tudiants en raison de petits soucis dans le choix de deux dossiers soumis aux \u00e9tudiants, j&rsquo;avais &hellip; <a href=\"https:\/\/perruchenautomne.eu\/wordpress\/2017\/06\/23\/ecni-2017-rien-na-change\/\">Continuer la lecture <span class=\"meta-nav\">&rarr;<\/span><\/a><\/p>\n","protected":false},"author":1,"featured_media":0,"comment_status":"open","ping_status":"open","sticky":false,"template":"","format":"standard","meta":{"jetpack_post_was_ever_published":false,"_jetpack_newsletter_access":"","_jetpack_dont_email_post_to_subs":false,"_jetpack_newsletter_tier_id":0,"_jetpack_memberships_contains_paywalled_content":false,"_jetpack_memberships_contains_paid_content":false,"footnotes":"","jetpack_publicize_message":"","jetpack_publicize_feature_enabled":true,"jetpack_social_post_already_shared":true,"jetpack_social_options":{"image_generator_settings":{"template":"highway","default_image_id":0,"font":"","enabled":false},"version":2}},"categories":[11],"tags":[1994,2031,184,2029,2030,185,2033,2032],"class_list":["post-5504","post","type-post","status-publish","format-standard","hentry","category-medecine-humeur","tag-1994","tag-conseil-scientifique-de-medecine","tag-ecn","tag-ecni","tag-ecni-2017","tag-internat","tag-qcm","tag-sides"],"jetpack_publicize_connections":[],"jetpack_featured_media_url":"","jetpack_shortlink":"https:\/\/wp.me\/p1l1zM-1qM","jetpack_sharing_enabled":true,"jetpack-related-posts":[],"_links":{"self":[{"href":"https:\/\/perruchenautomne.eu\/wordpress\/wp-json\/wp\/v2\/posts\/5504","targetHints":{"allow":["GET"]}}],"collection":[{"href":"https:\/\/perruchenautomne.eu\/wordpress\/wp-json\/wp\/v2\/posts"}],"about":[{"href":"https:\/\/perruchenautomne.eu\/wordpress\/wp-json\/wp\/v2\/types\/post"}],"author":[{"embeddable":true,"href":"https:\/\/perruchenautomne.eu\/wordpress\/wp-json\/wp\/v2\/users\/1"}],"replies":[{"embeddable":true,"href":"https:\/\/perruchenautomne.eu\/wordpress\/wp-json\/wp\/v2\/comments?post=5504"}],"version-history":[{"count":3,"href":"https:\/\/perruchenautomne.eu\/wordpress\/wp-json\/wp\/v2\/posts\/5504\/revisions"}],"predecessor-version":[{"id":5507,"href":"https:\/\/perruchenautomne.eu\/wordpress\/wp-json\/wp\/v2\/posts\/5504\/revisions\/5507"}],"wp:attachment":[{"href":"https:\/\/perruchenautomne.eu\/wordpress\/wp-json\/wp\/v2\/media?parent=5504"}],"wp:term":[{"taxonomy":"category","embeddable":true,"href":"https:\/\/perruchenautomne.eu\/wordpress\/wp-json\/wp\/v2\/categories?post=5504"},{"taxonomy":"post_tag","embeddable":true,"href":"https:\/\/perruchenautomne.eu\/wordpress\/wp-json\/wp\/v2\/tags?post=5504"}],"curies":[{"name":"wp","href":"https:\/\/api.w.org\/{rel}","templated":true}]}}