{"id":5511,"date":"2017-07-05T18:56:27","date_gmt":"2017-07-05T17:56:27","guid":{"rendered":"https:\/\/perruchenautomne.eu\/wordpress\/?p=5511"},"modified":"2017-07-05T17:03:17","modified_gmt":"2017-07-05T16:03:17","slug":"un-peu-de-schizophrenie-virtuelle","status":"publish","type":"post","link":"https:\/\/perruchenautomne.eu\/wordpress\/2017\/07\/05\/un-peu-de-schizophrenie-virtuelle\/","title":{"rendered":"Un peu de schizophr\u00e9nie virtuelle"},"content":{"rendered":"<p>Je blogue depuis toujours comme un anonyme. La situation a chang\u00e9 apr\u00e8s cette <a href=\"https:\/\/perruchenautomne.eu\/wordpress\/?p=5042\">note<\/a> (mdp:fermeture). Mon anonymat \u00e9tait avant \u00e7a assez facile \u00e0 lever, surtout pour les gens qui me fr\u00e9quentent un peu. Je ne pense pas \u00eatre tr\u00e8s diff\u00e9rent ici et dans la vie r\u00e9elle. Il me semblait que ma curiosit\u00e9, parfois mon cot\u00e9 professorale voir ma suffisance pouvaient transparaitre dans les notes. Je suis comme \u00e7a dans la vie. J&rsquo;ai parfois tendance \u00e0 prendre\u00a0 syst\u00e9matiquement mes interlocuteurs pour des \u00e9tudiants \u00e0 qui je devrais exposer mes id\u00e9es g\u00e9niales, souvent des lieux communs recycl\u00e9s et servis avec un peu de conviction.<\/p>\n<p>Un interne, il n&rsquo;y a pas longtemps m&rsquo;a dit qu&rsquo;il trouvait un blog de n\u00e9phrologue int\u00e9ressant, \u00ab\u00a0perruche en automne\u00a0\u00bb. Il lui avait appris des petites choses et fait d\u00e9couvrir quelques livres. J&rsquo;\u00e9coute, assez content, toujours valorisant d&rsquo;entendre du bon sur soi. Il me demande si je connais le blog, je lui r\u00e9ponds: \u00ab\u00a0oui un peu\u00a0\u00bb et du coup si je connais le mec qui \u00e9crit. L\u00e0, j&rsquo;ai un blanc et un moment de doute sur ma r\u00e9ponse.<\/p>\n<p>Assez surprenant de se retrouver dans la position de l&rsquo;auteur qu&rsquo;on ne reconnait pas. Je suis pris par l&rsquo;envie de le faire plus parler, il n&rsquo;est pas fr\u00e9quent d&rsquo;avoir en face de soi un lecteur qui ne connait pas ton statut de r\u00e9dacteur. Je ne sais pas quoi faire, lui dire que c&rsquo;est moi, dire non je sais pas. Je lui demande si il n&rsquo;a pas d&rsquo;id\u00e9e. Il me r\u00e9pond que non. Je lui demande comment il l&rsquo;imagine. Il me d\u00e9crit un jeune PU-PH, brillant, curieux de tout, de 10 ans plus jeune que moi, empathique, cool avec les gens, avec une envie de transmettre sans esbroufe et sans en rajouter et l\u00e0, dans un moment de jolie na\u00efvet\u00e9 ou d&rsquo;ing\u00e9nuit\u00e9, il ajoute: \u00ab\u00a0pas comme vous\u00a0\u00bb.<\/p>\n<p>Je me prends une jolie beigne dans la gueule. En gros, il vient de me balancer que je suis bien diff\u00e9rent dans la vie et sur ce blog. De mec plut\u00f4t cool dans le virtuel (il n&rsquo;avait pas du lire ces notes sur <a href=\"https:\/\/perruchenautomne.eu\/wordpress\/?p=2792\">mon cot\u00e9 mandarinale<\/a>), je suis pour lui en gros et en caricaturant \u00e0 peine, un vieux con. Je suis un peu vex\u00e9. Je me rends surtout compte de combien je me suis livr\u00e9 ici et combien dans le travail je renvoie une image de blaireau pas tr\u00e8s fin. En cinq minutes, j&rsquo;ai pris 10 ans dans les dents et un retour pas tr\u00e8s chouette sur mon comportement. \u00c7a calme et \u00e7a oblige \u00e0 se poser quelques questions sur soi.<\/p>\n<p>Je renvoie probablement une image trop positive de moi ici, bien que je n&rsquo;h\u00e9site pas parfois \u00e0 frotter, voir carr\u00e9ment <a href=\"https:\/\/perruchenautomne.eu\/wordpress\/?p=5456\">\u00e0 \u00eatre un sale troll<\/a>. J&rsquo;en fait peut \u00eatre parfois un peu trop dans mon image de prof un peu d\u00e9sagr\u00e9able et con. Je devrais probablement r\u00e9duire la voilure. J&rsquo;ai du mal, je le reconnais bien volontiers. En tout cas cette conversation m&rsquo;a beaucoup apport\u00e9. Comme tout bon PU-PH \u00e9gocentrique, parler de moi en bien ou en mal, ce n&rsquo;est pas grave pourvu qu&rsquo;on parle de moi.<\/p>\n<p>Cette exp\u00e9rience montre que si on ne veut pas savoir qui se cache derri\u00e8re ce volatile, c&rsquo;est tout \u00e0 fait possible.<\/p>\n<p>Finalement, qu&rsquo;elle fut mon attitude, lever de l&rsquo;anonymat ou ais je laiss\u00e9 ce gentil gar\u00e7on avec son image un peu id\u00e9al de l&rsquo;auteur de ces lignes? Je vous laisse deviner. \u00c7a faisait longtemps que je n&rsquo;avais pas proposer de petit jeu.<\/p>\n<p>En passant pour les amateurs de Jazz, un petit conseil d&rsquo;\u00e9coute, le dernier album d&rsquo;Ambrose Akinmusire, \u00ab\u00a0A Rift in Decorum\u00a0\u00bb. C&rsquo;est un trompettiste franchement int\u00e9ressant, avec une palette de jeu \u00e9tonnante et un vrai talent dans les compositions. Un tr\u00e8s bon live au village Vanguard.<\/p>\n[audio: https:\/\/perruchenautomne.eu\/wordpress\/wp-content\/uploads\/2017\/07\/01-Maurice-Michael-sorry-i-didnt-say-hello.mp3]\n","protected":false},"excerpt":{"rendered":"<p>Je blogue depuis toujours comme un anonyme. La situation a chang\u00e9 apr\u00e8s cette note (mdp:fermeture). Mon anonymat \u00e9tait avant \u00e7a assez facile \u00e0 lever, surtout pour les gens qui me fr\u00e9quentent un peu. Je ne pense pas \u00eatre tr\u00e8s diff\u00e9rent &hellip; <a href=\"https:\/\/perruchenautomne.eu\/wordpress\/2017\/07\/05\/un-peu-de-schizophrenie-virtuelle\/\">Continuer la lecture <span class=\"meta-nav\">&rarr;<\/span><\/a><\/p>\n","protected":false},"author":1,"featured_media":0,"comment_status":"open","ping_status":"open","sticky":false,"template":"","format":"standard","meta":{"jetpack_post_was_ever_published":false,"_jetpack_newsletter_access":"","_jetpack_dont_email_post_to_subs":false,"_jetpack_newsletter_tier_id":0,"_jetpack_memberships_contains_paywalled_content":false,"_jetpack_memberships_contains_paid_content":false,"footnotes":"","jetpack_publicize_message":"","jetpack_publicize_feature_enabled":true,"jetpack_social_post_already_shared":true,"jetpack_social_options":{"image_generator_settings":{"template":"highway","default_image_id":0,"font":"","enabled":false},"version":2}},"categories":[95],"tags":[2035,502,2034],"class_list":["post-5511","post","type-post","status-publish","format-standard","hentry","category-blog","tag-ambrose-akinmusire","tag-blog-2","tag-perruche"],"jetpack_publicize_connections":[],"jetpack_featured_media_url":"","jetpack_shortlink":"https:\/\/wp.me\/p1l1zM-1qT","jetpack_sharing_enabled":true,"jetpack-related-posts":[],"_links":{"self":[{"href":"https:\/\/perruchenautomne.eu\/wordpress\/wp-json\/wp\/v2\/posts\/5511","targetHints":{"allow":["GET"]}}],"collection":[{"href":"https:\/\/perruchenautomne.eu\/wordpress\/wp-json\/wp\/v2\/posts"}],"about":[{"href":"https:\/\/perruchenautomne.eu\/wordpress\/wp-json\/wp\/v2\/types\/post"}],"author":[{"embeddable":true,"href":"https:\/\/perruchenautomne.eu\/wordpress\/wp-json\/wp\/v2\/users\/1"}],"replies":[{"embeddable":true,"href":"https:\/\/perruchenautomne.eu\/wordpress\/wp-json\/wp\/v2\/comments?post=5511"}],"version-history":[{"count":4,"href":"https:\/\/perruchenautomne.eu\/wordpress\/wp-json\/wp\/v2\/posts\/5511\/revisions"}],"predecessor-version":[{"id":5517,"href":"https:\/\/perruchenautomne.eu\/wordpress\/wp-json\/wp\/v2\/posts\/5511\/revisions\/5517"}],"wp:attachment":[{"href":"https:\/\/perruchenautomne.eu\/wordpress\/wp-json\/wp\/v2\/media?parent=5511"}],"wp:term":[{"taxonomy":"category","embeddable":true,"href":"https:\/\/perruchenautomne.eu\/wordpress\/wp-json\/wp\/v2\/categories?post=5511"},{"taxonomy":"post_tag","embeddable":true,"href":"https:\/\/perruchenautomne.eu\/wordpress\/wp-json\/wp\/v2\/tags?post=5511"}],"curies":[{"name":"wp","href":"https:\/\/api.w.org\/{rel}","templated":true}]}}