{"id":5528,"date":"2017-08-07T15:41:47","date_gmt":"2017-08-07T14:41:47","guid":{"rendered":"https:\/\/perruchenautomne.eu\/wordpress\/?p=5528"},"modified":"2017-08-07T15:41:47","modified_gmt":"2017-08-07T14:41:47","slug":"grande-traversee-bruce-springsteen","status":"publish","type":"post","link":"https:\/\/perruchenautomne.eu\/wordpress\/2017\/08\/07\/grande-traversee-bruce-springsteen\/","title":{"rendered":"Grande Travers\u00e9e \u00ab\u00a0Bruce Springsteen\u00a0\u00bb"},"content":{"rendered":"<p>France Culture a une programmation int\u00e9ressante l&rsquo;\u00e9t\u00e9, en particulier avec les grandes travers\u00e9es. Vous avez 10h d&rsquo;\u00e9missions sur un sujet par un journaliste qui le connait toujours bien. J&rsquo;adore ces \u00e9missions. En 10h, le sillon a le temps d&rsquo;\u00eatre creuser. Nous sommes bien loin des 140 caract\u00e8res et des batailles sur Twitter, avec leurs r\u00e9flexions \u00e0 l&#8217;emporte pi\u00e8ce et souvent pas tr\u00e8s fut\u00e9es. Je confesse avoir un peu abandonn\u00e9. J&rsquo;ai <a href=\"https:\/\/grangeblanche.com\/2017\/08\/05\/apostille-de-mauvaise-passe\/\">l&rsquo;impression d&rsquo;avoir raison<\/a>. Vous me demanderez comment on fait pour \u00e9couter 10 heures d&rsquo;\u00e9missions radiophoniques, et bien on prend le temps, c&rsquo;est \u00e7a le plus important, prendre le temps et on trouve toujours. Il y a les vacances aussi. Quand on arrive pas \u00e0 se caler sur un rythme de vacances et qu&rsquo;on continue \u00e0 se lever t\u00f4t, c&rsquo;est plus simple.<\/p>\n<p>J&rsquo;ai \u00e9cout\u00e9 une des meilleures \u00e9missions qu&rsquo;il m&rsquo;ait \u00e9t\u00e9 donn\u00e9 d&rsquo;\u00e9couter. Le sujet<a href=\"https:\/\/www.franceculture.fr\/emissions\/grande-traversee-bruce-springsteen-lexperience-americaine\"> Bruce Springsteen<\/a>, le Boss par <a href=\"https:\/\/www.franceculture.fr\/personne-judith-perrignon.html\">Judith Perrignon<\/a>. Je vois certains d\u00e9j\u00e0 froncer le nez, ce bouseux, ce nationaliste am\u00e9ricain, ce rocker sans subtilit\u00e9, comment cet amateur de jazz peut trouver cette musique audible. J&rsquo;aime Bruce Springsteen. J&rsquo;aime sa musique, ses chansons, le personnage depuis longtemps. J&rsquo;ai toujours eu un peu honte de cet amour. Je fais mon coming out. J&rsquo;aime l&rsquo;\u00e9nergie et la fragilit\u00e9 de cet homme. Ses chansons sont des nouvelles. C&rsquo;est un Carver musical. Ces 5 \u00e9missions sont remarquables, tra\u00e7ant le portrait de ce perfectionniste, de ce stakhanoviste de la musique d&rsquo;une fa\u00e7on subtile, en petites touches, avec des t\u00e9moignages, des lectures de son autobiographie et sa musique. La journaliste est une fan et ne s&rsquo;en cache pas. C&rsquo;est un portrait en creux. Un portrait sans interview de l&rsquo;int\u00e9ress\u00e9 mais il a tellement dit qu&rsquo;il n&rsquo;y a probablement plus de questions \u00e0 lui poser, quoique&#8230; L&rsquo;approche en creux du personnage est passionnante. La fid\u00e9lit\u00e9 de cet homme \u00e0 ses racines, son courage pour parler de sa maladie d\u00e9pressive, son engagement politico-social, ses failles, sa capacit\u00e9 \u00e0 se nourrir des autres pour raconter leurs histoires qui touchent \u00e0 l&rsquo;universel, sinon comment comprendre le succ\u00e8s plan\u00e9taire de ce rock&rsquo;n roll hero.<\/p>\n<p>Ces dix heures d&rsquo;\u00e9missions sont passionnantes, elles en disent plus sur les \u00e9tats-unis, la raison du succ\u00e8s de Trump que des centaines d&rsquo;heures d&rsquo;analyse politique. L&rsquo;art et les artistes nous \u00e9clairent sur la r\u00e9alit\u00e9 du monde. Cette grande travers\u00e9e doit \u00eatre partag\u00e9e. Merci \u00e0 France Culture et \u00e0 Judith Perrignon pour ces heures qui auront largement contribu\u00e9 au plaisir de mes vacances.<\/p>\n<p>\u00ab\u00a0Est-ce qu&rsquo;un r\u00eave est un mensonge s&rsquo;il ne se r\u00e9alise pas?\u00a0\u00bb<\/p>\n<p>Pour illustrer son charisme incroyable, cette chanson, et non ce n&rsquo;est pas Patti Smith qui l&rsquo;a \u00e9crite.<br \/>\n<iframe loading=\"lazy\" width=\"560\" height=\"315\" src=\"https:\/\/www.youtube.com\/embed\/KMNQ2lyMQtk\" frameborder=\"0\" allowfullscreen><\/iframe><\/p>\n","protected":false},"excerpt":{"rendered":"<p>France Culture a une programmation int\u00e9ressante l&rsquo;\u00e9t\u00e9, en particulier avec les grandes travers\u00e9es. Vous avez 10h d&rsquo;\u00e9missions sur un sujet par un journaliste qui le connait toujours bien. J&rsquo;adore ces \u00e9missions. En 10h, le sillon a le temps d&rsquo;\u00eatre creuser. &hellip; <a href=\"https:\/\/perruchenautomne.eu\/wordpress\/2017\/08\/07\/grande-traversee-bruce-springsteen\/\">Continuer la lecture <span class=\"meta-nav\">&rarr;<\/span><\/a><\/p>\n","protected":false},"author":1,"featured_media":0,"comment_status":"open","ping_status":"open","sticky":false,"template":"","format":"standard","meta":{"jetpack_post_was_ever_published":false,"_jetpack_newsletter_access":"","_jetpack_dont_email_post_to_subs":false,"_jetpack_newsletter_tier_id":0,"_jetpack_memberships_contains_paywalled_content":false,"_jetpack_memberships_contains_paid_content":false,"footnotes":"","jetpack_publicize_message":"","jetpack_publicize_feature_enabled":true,"jetpack_social_post_already_shared":true,"jetpack_social_options":{"image_generator_settings":{"template":"highway","default_image_id":0,"font":"","enabled":false},"version":2}},"categories":[9],"tags":[1795,2039,112,2040,1582,2041,1796],"class_list":["post-5528","post","type-post","status-publish","format-standard","hentry","category-musique","tag-amerique","tag-bruce-springsteen","tag-france-culture","tag-judith-perrignon","tag-musique","tag-rock","tag-usa"],"jetpack_publicize_connections":[],"jetpack_featured_media_url":"","jetpack_shortlink":"https:\/\/wp.me\/p1l1zM-1ra","jetpack_sharing_enabled":true,"jetpack-related-posts":[],"_links":{"self":[{"href":"https:\/\/perruchenautomne.eu\/wordpress\/wp-json\/wp\/v2\/posts\/5528","targetHints":{"allow":["GET"]}}],"collection":[{"href":"https:\/\/perruchenautomne.eu\/wordpress\/wp-json\/wp\/v2\/posts"}],"about":[{"href":"https:\/\/perruchenautomne.eu\/wordpress\/wp-json\/wp\/v2\/types\/post"}],"author":[{"embeddable":true,"href":"https:\/\/perruchenautomne.eu\/wordpress\/wp-json\/wp\/v2\/users\/1"}],"replies":[{"embeddable":true,"href":"https:\/\/perruchenautomne.eu\/wordpress\/wp-json\/wp\/v2\/comments?post=5528"}],"version-history":[{"count":5,"href":"https:\/\/perruchenautomne.eu\/wordpress\/wp-json\/wp\/v2\/posts\/5528\/revisions"}],"predecessor-version":[{"id":5533,"href":"https:\/\/perruchenautomne.eu\/wordpress\/wp-json\/wp\/v2\/posts\/5528\/revisions\/5533"}],"wp:attachment":[{"href":"https:\/\/perruchenautomne.eu\/wordpress\/wp-json\/wp\/v2\/media?parent=5528"}],"wp:term":[{"taxonomy":"category","embeddable":true,"href":"https:\/\/perruchenautomne.eu\/wordpress\/wp-json\/wp\/v2\/categories?post=5528"},{"taxonomy":"post_tag","embeddable":true,"href":"https:\/\/perruchenautomne.eu\/wordpress\/wp-json\/wp\/v2\/tags?post=5528"}],"curies":[{"name":"wp","href":"https:\/\/api.w.org\/{rel}","templated":true}]}}