{"id":5558,"date":"2017-09-11T16:33:05","date_gmt":"2017-09-11T15:33:05","guid":{"rendered":"https:\/\/perruchenautomne.eu\/wordpress\/?p=5558"},"modified":"2017-09-11T16:33:05","modified_gmt":"2017-09-11T15:33:05","slug":"baclofene-et-insuffisance-renale-chronique","status":"publish","type":"post","link":"https:\/\/perruchenautomne.eu\/wordpress\/2017\/09\/11\/baclofene-et-insuffisance-renale-chronique\/","title":{"rendered":"Baclofene et insuffisance r\u00e9nale chronique"},"content":{"rendered":"<p>Au d\u00e9but de l&rsquo;utilisation du baclofene dans son indication addiction \u00e0 l&rsquo;alcool, ma s\u0153ur m&rsquo;avait pos\u00e9 la question de son usage pour un de ses patients avec une insuffisance r\u00e9nale chronique relativement s\u00e9v\u00e8re, je ne me souviens plus du DFG exact. J&rsquo;avais un peu regard\u00e9 la litt\u00e9rature et je lui avais d\u00e9conseill\u00e9 de le prescrire chez des patients avec une insuffisance r\u00e9nale surtout \u00e0 fortes doses. Depuis nous n&rsquo;en avons pas reparl\u00e9.<\/p>\n<p>Cet \u00e9t\u00e9, l&rsquo;utilisation du baclof\u00e8ne a fait\u00a0 pol\u00e9mique apr\u00e8s qu&rsquo;une <a href=\"http:\/\/ansm.sante.fr\/S-informer\/Presse-Communiques-Points-presse\/Resultats-de-l-etude-sur-les-usages-et-la-securite-du-baclofene-en-France-entre-2009-et-2015-Communique\">\u00e9tude de l&rsquo;ANSM<\/a> mette en \u00e9vidence une augmentation de la mortalit\u00e9 avec l&rsquo;utilisation de fortes doses. Les r\u00e8gles de l&rsquo;ATU ont \u00e9t\u00e9 revues et la posologie maximale est de 80 mg\/jour. Il est int\u00e9ressant de\u00a0 noter que <a href=\"http:\/\/ansm.sante.fr\/S-informer\/Presse-Communiques-Points-presse\/Reduction-de-la-dose-maximale-de-baclofene-a-80mg-par-jour-dans-le-cadre-de-la-Recommandation-Temporaire-d-Utilisation-RTU-Communique\">dans le protocole d&rsquo;ATU<\/a>, le m\u00e9dicament n&rsquo;est contre indiqu\u00e9 qu&rsquo;en cas d&rsquo;insuffisance r\u00e9nale terminale et qu&rsquo;il n&rsquo;y a pas d&rsquo;adaptation de doses tenant compte de la fonction r\u00e9nale initiale. Heureusement, ICAR avait pens\u00e9 au pauvre n\u00e9phrologue et avait sugg\u00e9r\u00e9 <a href=\"http:\/\/www.sfndt.org\/sn\/PDF\/epro\/ICAR\/2014-04.pdf\">une adaptation de doses<\/a>. Nous sommes tr\u00e8s loin des m\u00e9ga-posologies propos\u00e9es&#8230;<\/p>\n<p>Un article r\u00e9cent d&rsquo;AJKD\u00a0<a href=\"https:\/\/perruchenautomne.eu\/wordpress\/wp-content\/uploads\/2017\/09\/PIIS0272638617308466.pdf\">PIIS0272638617308466<\/a> lance l&rsquo;alerte sur l&rsquo;utilisation au cours de l&rsquo;insuffisance r\u00e9nale chronique . Il commence par l&rsquo;histoire d&rsquo;un patient h\u00e9modialys\u00e9 chronique qui avec de faibles doses fait une magnifique intoxication. Heureusement la mol\u00e9cule est facilement \u00e9pur\u00e9e par la dialyse, ce qui permet le r\u00e9veil de ce brave homme. Les auteurs font une revue exhaustive de la litt\u00e9rature, qu&rsquo;on peut r\u00e9sumer avec la teaching box.<\/p>\n<ol>\n<li>Pharmacocin\u00e9tique: Biodisponibilit\u00e9 orale de 70 \u00e0 80%, Demie-vie de 3 \u00e0 6 heures avec une fonction r\u00e9nale normale (DFG&gt;90 ml\/mn\/1,73 m2), m\u00e9tabolisation h\u00e9patique de 15% de la dose, \u00e9limination r\u00e9nale sous forme inchang\u00e9e de 80% de la dose<\/li>\n<li>Un ajustement de dose est n\u00e9cessaire m\u00eame en cas d&rsquo;alt\u00e9ration l\u00e9g\u00e8re de la fonction r\u00e9nale<\/li>\n<li>La dialyse peut \u00eatre utilis\u00e9 avec succ\u00e8s en cas d&rsquo;intoxication et d&rsquo;alt\u00e9ration de la fonction r\u00e9nale<\/li>\n<\/ol>\n<p>Il propose une politique d&rsquo;ajustement (D\u00e9bit de filtration glom\u00e9rulaire estim\u00e9 avec CKD-Epi)<\/p>\n<ol>\n<li>DFGe de 60 \u00e0 90 ml\/mn\/1,73m2: r\u00e9duction de un tiers de la dose soit 5 mg\/12h<\/li>\n<li>DFGe de 30 \u00e0 59 ml\/mn\/1,73m2: r\u00e9duction de moiti\u00e9 de la dose soit 2,5 mg\/8h et surveillance r\u00e9guli\u00e8re de l&rsquo;\u00e9tat neurologique<\/li>\n<li>DFGe inf\u00e9rieur \u00e0 30 ml\/mn\/1,73m2: ne pas utiliser le baclofene<\/li>\n<\/ol>\n<p>La toxicit\u00e9 du baclofene est dose d\u00e9pendante. Comme la mol\u00e9cule est largement \u00e9limin\u00e9e par le rein, il est logique que l&rsquo;intoxication se voit dans la population des patients avec une alt\u00e9ration de la fonction r\u00e9nale. Il me parait indispensable d&rsquo;\u00e9valuer la fonction r\u00e9nale des patients qui seront mis sous baclofene. La survenue d&rsquo;une insuffisance r\u00e9nale aig\u00fce peut aussi modifier la pharmacocin\u00e9tique de la mol\u00e9cule. Pensez \u00e0 \u00e9valuer la fonction r\u00e9nale lors de moments \u00e0 risque comme une gastro-ent\u00e9rite qui dure un peu me parait une bonne id\u00e9e. La lecture de l&rsquo;article ne donne pas vraiment envie d&rsquo;utiliser ce m\u00e9dicament chez les patients avec une insuffisance r\u00e9nale. Si vous avez malgr\u00e9 tout envie pensez \u00e0 rechercher les signes d&rsquo;intoxication surtout lors de l&rsquo;augmentation de doses:<\/p>\n<ol>\n<li>Neurologiques: une somnolence, des vertiges, des c\u00e9phal\u00e9es, une insomnie, une euphorie, une confusion mentale, des hallucinations, un coma profond et un abaissement du seuil \u00e9pileptog\u00e8ne<\/li>\n<li>Respiratoires: une d\u00e9pression respiratoire, une apn\u00e9e,<\/li>\n<li>Cardiaques: des troubles de la conduction type bloc auriculo-ventriculaire, une augmentation de l\u2019intervalle QT, des troubles du rythme.<\/li>\n<\/ol>\n<p>J&rsquo;en profite <a href=\"https:\/\/perruchenautomne.eu\/wordpress\/?p=3035\">pour vous rappeler<\/a> que le rein est un des rares organes \u00e0 ne pas supporter une toxicit\u00e9 de l&rsquo;alcool.<\/p>\n<p>Pour conclure, si l&rsquo;alcool est \u00e0 consommer avec mod\u00e9ration chez tous, le baclofene est \u00e0 consommer avec mod\u00e9ration chez les personnes avec une alt\u00e9ration de la fonction r\u00e9nale.<\/p>\n<p>&nbsp;<\/p>\n","protected":false},"excerpt":{"rendered":"<p>Au d\u00e9but de l&rsquo;utilisation du baclofene dans son indication addiction \u00e0 l&rsquo;alcool, ma s\u0153ur m&rsquo;avait pos\u00e9 la question de son usage pour un de ses patients avec une insuffisance r\u00e9nale chronique relativement s\u00e9v\u00e8re, je ne me souviens plus du DFG &hellip; <a href=\"https:\/\/perruchenautomne.eu\/wordpress\/2017\/09\/11\/baclofene-et-insuffisance-renale-chronique\/\">Continuer la lecture <span class=\"meta-nav\">&rarr;<\/span><\/a><\/p>\n","protected":false},"author":1,"featured_media":0,"comment_status":"open","ping_status":"open","sticky":false,"template":"","format":"standard","meta":{"jetpack_post_was_ever_published":false,"_jetpack_newsletter_access":"","_jetpack_dont_email_post_to_subs":false,"_jetpack_newsletter_tier_id":0,"_jetpack_memberships_contains_paywalled_content":false,"_jetpack_memberships_contains_paid_content":false,"footnotes":"","jetpack_publicize_message":"","jetpack_publicize_feature_enabled":true,"jetpack_social_post_already_shared":true,"jetpack_social_options":{"image_generator_settings":{"template":"highway","default_image_id":0,"font":"","enabled":false},"version":2}},"categories":[13,14],"tags":[2049,2048,2047,330,258,1628],"class_list":["post-5558","post","type-post","status-publish","format-standard","hentry","category-medecine-2","category-nephrologie","tag-adaptation","tag-alcoolisme","tag-baclofene","tag-dfg","tag-insuffisance-renale","tag-medicaments"],"jetpack_publicize_connections":[],"jetpack_featured_media_url":"","jetpack_shortlink":"https:\/\/wp.me\/p1l1zM-1rE","jetpack_sharing_enabled":true,"jetpack-related-posts":[],"_links":{"self":[{"href":"https:\/\/perruchenautomne.eu\/wordpress\/wp-json\/wp\/v2\/posts\/5558","targetHints":{"allow":["GET"]}}],"collection":[{"href":"https:\/\/perruchenautomne.eu\/wordpress\/wp-json\/wp\/v2\/posts"}],"about":[{"href":"https:\/\/perruchenautomne.eu\/wordpress\/wp-json\/wp\/v2\/types\/post"}],"author":[{"embeddable":true,"href":"https:\/\/perruchenautomne.eu\/wordpress\/wp-json\/wp\/v2\/users\/1"}],"replies":[{"embeddable":true,"href":"https:\/\/perruchenautomne.eu\/wordpress\/wp-json\/wp\/v2\/comments?post=5558"}],"version-history":[{"count":3,"href":"https:\/\/perruchenautomne.eu\/wordpress\/wp-json\/wp\/v2\/posts\/5558\/revisions"}],"predecessor-version":[{"id":5562,"href":"https:\/\/perruchenautomne.eu\/wordpress\/wp-json\/wp\/v2\/posts\/5558\/revisions\/5562"}],"wp:attachment":[{"href":"https:\/\/perruchenautomne.eu\/wordpress\/wp-json\/wp\/v2\/media?parent=5558"}],"wp:term":[{"taxonomy":"category","embeddable":true,"href":"https:\/\/perruchenautomne.eu\/wordpress\/wp-json\/wp\/v2\/categories?post=5558"},{"taxonomy":"post_tag","embeddable":true,"href":"https:\/\/perruchenautomne.eu\/wordpress\/wp-json\/wp\/v2\/tags?post=5558"}],"curies":[{"name":"wp","href":"https:\/\/api.w.org\/{rel}","templated":true}]}}