{"id":5645,"date":"2017-12-13T08:35:17","date_gmt":"2017-12-13T07:35:17","guid":{"rendered":"https:\/\/perruchenautomne.eu\/wordpress\/?p=5645"},"modified":"2017-12-12T22:55:11","modified_gmt":"2017-12-12T21:55:11","slug":"oublier-pour-penser","status":"publish","type":"post","link":"https:\/\/perruchenautomne.eu\/wordpress\/2017\/12\/13\/oublier-pour-penser\/","title":{"rendered":"Oublier pour penser"},"content":{"rendered":"<blockquote><p>\u00ab\u00a0Il ne peut rien oublier, alors il ne peut pas penser, car pour penser il faut g\u00e9n\u00e9raliser, il faut oublier.\u00a0\u00bb<\/p><\/blockquote>\n<p style=\"text-align: right;\">Jorge Luis Borges<\/p>\n<p>Cette citation est extraite<a href=\"https:\/\/www.franceculture.fr\/emissions\/la-compagnie-des-auteurs\/jorge-luis-borges-44-les-labyrinthes-de-borges\"> d&rsquo;une \u00ab\u00a0Compagnie des auteurs\u00a0\u00bb<\/a> o\u00f9 on entend une interview du maitre argentin (minute 10). Il parle bien sur de Funes. J&rsquo;aime beaucoup Borges. Funes est une nouvelle fascinante qu&rsquo;il faut absolument lire. J&rsquo;ai relu apr\u00e8s l&rsquo;\u00e9mission Deutsches Requiem, j&rsquo;avais oubli\u00e9 \u00e0 quel point c&rsquo;est un pr\u00e9curseur dans l&rsquo;\u00e9criture, un des premiers \u00e0 se mettre dans la t\u00eate d&rsquo;un bourreau nazi.<\/p>\n<p>Cette citation m&rsquo;a \u00e9voqu\u00e9 l&rsquo;internet avec sa terrible\/merveilleuse m\u00e9moire qui semble infinie. Si nous n&rsquo;oublions rien nous ne pouvons pas penser, je trouve que c&rsquo;est d&rsquo;une grande profondeur. C&rsquo;est vertigineux. Notre obsession de la m\u00e9moire est un frein \u00e0 la pens\u00e9e. Pour Funes c&rsquo;est l&rsquo;absence d&rsquo;oubli des choses insignifiantes qui le tue. Le signal noy\u00e9 dans le bruit emp\u00eache de penser.\u00a0 Pour nous, c&rsquo;est, peut \u00eatre, l&rsquo;incapacit\u00e9 \u00e0 oublier l&rsquo;\u00e9motion que nous mettons dans l&rsquo;acte m\u00e9moriel qui nous emp\u00eache de penser, la r\u00e9activation permanente de l&rsquo;\u00e9motion, voir l&rsquo;injonction \u00e0 l&rsquo;\u00e9motion des politiques m\u00e9morielles est un frein \u00e0 la pens\u00e9e qui est obscurcie par ce trop plein de m\u00e9moire.<\/p>\n<p>Et pourtant, le fait que cette parole borg\u00e9sienne ne se soit pas perdue gr\u00e2ce \u00e0 la m\u00e9moire audiovisuelle et me permette de penser, n&rsquo;est ce pas que garder est important. Borg\u00e8s est un grand penseur de notre modernit\u00e9. Je crois sa lecture indispensable pour comprendre notre monde.<\/p>\n<p>Internet reste un des outils les plus cools jamais invent\u00e9 pour d\u00e9couvrir de la musique, un petit exemple avec ce top ten, je n&rsquo;en connaissais aucun et <a href=\"https:\/\/www.newyorker.com\/culture\/2017-in-review\/my-ten-best-albums-of-2017?mbid=nl_Daily%20121217%20Nonsubs&amp;CNDID=30454863&amp;spMailingID=12549791&amp;spUserID=MTMzMTgzMTA0MzY3S0&amp;spJobID=1301149001&amp;spReportId=MTMwMTE0OTAwMQS2\">franchement c&rsquo;est pas mal<\/a>.<\/p>\n","protected":false},"excerpt":{"rendered":"<p>\u00ab\u00a0Il ne peut rien oublier, alors il ne peut pas penser, car pour penser il faut g\u00e9n\u00e9raliser, il faut oublier.\u00a0\u00bb Jorge Luis Borges Cette citation est extraite d&rsquo;une \u00ab\u00a0Compagnie des auteurs\u00a0\u00bb o\u00f9 on entend une interview du maitre argentin (minute &hellip; <a href=\"https:\/\/perruchenautomne.eu\/wordpress\/2017\/12\/13\/oublier-pour-penser\/\">Continuer la lecture <span class=\"meta-nav\">&rarr;<\/span><\/a><\/p>\n","protected":false},"author":1,"featured_media":0,"comment_status":"open","ping_status":"open","sticky":false,"template":"","format":"standard","meta":{"jetpack_post_was_ever_published":false,"_jetpack_newsletter_access":"","_jetpack_dont_email_post_to_subs":false,"_jetpack_newsletter_tier_id":0,"_jetpack_memberships_contains_paywalled_content":false,"_jetpack_memberships_contains_paid_content":false,"footnotes":"","jetpack_publicize_message":"","jetpack_publicize_feature_enabled":true,"jetpack_social_post_already_shared":true,"jetpack_social_options":{"image_generator_settings":{"template":"highway","default_image_id":0,"font":"","enabled":false},"version":2}},"categories":[34],"tags":[1891,2057,2059,760,2058],"class_list":["post-5645","post","type-post","status-publish","format-standard","hentry","category-litterature","tag-borges","tag-funes","tag-la-compagnie-des-auteurs","tag-oublier","tag-penser"],"jetpack_publicize_connections":[],"jetpack_featured_media_url":"","jetpack_shortlink":"https:\/\/wp.me\/p1l1zM-1t3","jetpack_sharing_enabled":true,"jetpack-related-posts":[],"_links":{"self":[{"href":"https:\/\/perruchenautomne.eu\/wordpress\/wp-json\/wp\/v2\/posts\/5645","targetHints":{"allow":["GET"]}}],"collection":[{"href":"https:\/\/perruchenautomne.eu\/wordpress\/wp-json\/wp\/v2\/posts"}],"about":[{"href":"https:\/\/perruchenautomne.eu\/wordpress\/wp-json\/wp\/v2\/types\/post"}],"author":[{"embeddable":true,"href":"https:\/\/perruchenautomne.eu\/wordpress\/wp-json\/wp\/v2\/users\/1"}],"replies":[{"embeddable":true,"href":"https:\/\/perruchenautomne.eu\/wordpress\/wp-json\/wp\/v2\/comments?post=5645"}],"version-history":[{"count":5,"href":"https:\/\/perruchenautomne.eu\/wordpress\/wp-json\/wp\/v2\/posts\/5645\/revisions"}],"predecessor-version":[{"id":5650,"href":"https:\/\/perruchenautomne.eu\/wordpress\/wp-json\/wp\/v2\/posts\/5645\/revisions\/5650"}],"wp:attachment":[{"href":"https:\/\/perruchenautomne.eu\/wordpress\/wp-json\/wp\/v2\/media?parent=5645"}],"wp:term":[{"taxonomy":"category","embeddable":true,"href":"https:\/\/perruchenautomne.eu\/wordpress\/wp-json\/wp\/v2\/categories?post=5645"},{"taxonomy":"post_tag","embeddable":true,"href":"https:\/\/perruchenautomne.eu\/wordpress\/wp-json\/wp\/v2\/tags?post=5645"}],"curies":[{"name":"wp","href":"https:\/\/api.w.org\/{rel}","templated":true}]}}