{"id":5679,"date":"2018-01-16T17:49:52","date_gmt":"2018-01-16T16:49:52","guid":{"rendered":"https:\/\/perruchenautomne.eu\/wordpress\/?p=5679"},"modified":"2018-01-16T17:49:52","modified_gmt":"2018-01-16T16:49:52","slug":"beosargh","status":"publish","type":"post","link":"https:\/\/perruchenautomne.eu\/wordpress\/2018\/01\/16\/beosargh\/","title":{"rendered":"BEOSARGH"},"content":{"rendered":"<p>J&rsquo;ai ador\u00e9 ce tweet.<\/p>\n<blockquote class=\"twitter-tweet\" data-lang=\"fr\">\n<p dir=\"ltr\" lang=\"fr\">C&rsquo;est exactement \u00e7a le probl\u00e8me : l&rsquo;enseignement de la m\u00e9decine est trop souvent aux mains de brutes \u00e9paisses. Obtuses. Archa\u00efques. Sexistes. Racistes. Homophobes. Grossophobes. Et qui le sont impun\u00e9ment. <a href=\"https:\/\/t.co\/DPZshewMR9\">https:\/\/t.co\/DPZshewMR9<\/a><\/p>\n<p>\u2014 (((MartinWinckler))) (@MartinWinckler) <a href=\"https:\/\/twitter.com\/MartinWinckler\/status\/953246539673161729?ref_src=twsrc%5Etfw\">16 janvier 2018<\/a><\/p><\/blockquote>\n<p>Tout en d\u00e9licatesse et finesse, se mettant au niveau de ce qu&rsquo;il est sens\u00e9 d\u00e9noncer. J&rsquo;avais d\u00e9j\u00e0 penser changer le nom du blog pour <a href=\"https:\/\/perruchenautomne.eu\/wordpress\/?p=2792\">Mandarin arch\u00e9o-r\u00e9ac<\/a> (MAR). Peut \u00eatre qu&rsquo;au bout de sept ans, il faudrait l&rsquo;appeler <a href=\"https:\/\/perruchenautomne.eu\/wordpress\/?p=8\">Brute \u00e9paisse<\/a>, <a href=\"https:\/\/perruchenautomne.eu\/wordpress\/?p=5677\">Obtuse, sexiste, Archaique<\/a>, <a href=\"https:\/\/perruchenautomne.eu\/wordpress\/?p=5655\">raciste<\/a>, homophobe et <a href=\"https:\/\/perruchenautomne.eu\/wordpress\/?p=5427\">grossophobe<\/a>. Je vais donc peut \u00eatre m&rsquo;appeler bient\u00f4t BEOSARGH. Il manque violeur, harceleur, manipulateur, m\u00e9chant, incomp\u00e9tent et je dois en oublier. J&rsquo;aime bien aussi g\u00e9n\u00e9raliser , <a href=\"https:\/\/perruchenautomne.eu\/wordpress\/?p=5642\">un exemple ici<\/a>. Je pardonne totalement l&rsquo;auteur du tweet de c\u00e9der \u00e0 cette position facile.<\/p>\n<p>Ce que je trouve le plus dommage, c&rsquo;est de mettre dans ce sac BEOSARHG des gens comme <a href=\"https:\/\/twitter.com\/GeluleMD\">christine<\/a>, <a href=\"https:\/\/twitter.com\/totomathon\">Totomathon<\/a>, ou encore <a href=\"https:\/\/twitter.com\/dguerrot\">dominique<\/a>\u00a0 avec la personne qui a initi\u00e9 cette r\u00e9action.<\/p>\n<blockquote class=\"twitter-tweet\" data-lang=\"fr\">\n<p dir=\"ltr\" lang=\"fr\">Cours sur la grossesse extra ut\u00e9rine :\u00a0\u00bbBon si vous savez que c&rsquo;est une toxico et que vous allez pas la revoir, vous pouvez direct lui enlever la trompe.\u00a0\u00bb<br \/>\nAh ouais d&rsquo;accord&#8230; @<\/p>\n<p>\u2014 lexterne (@lexterneduchu) <a href=\"https:\/\/twitter.com\/lexterneduchu\/status\/952925974747852800?ref_src=twsrc%5Etfw\">15 janvier 2018<\/a><\/p><\/blockquote>\n<p>Dire \u00e7a en cours n&rsquo;est pas possible, nous sommes tous d&rsquo;accord. Parfois les mots d\u00e9passent la pens\u00e9e. Je ne cherche pas d&rsquo;excuse mais il me parait difficile de juger l&rsquo;ensemble des enseignants en m\u00e9decine juste sur un tweet. Balancer \u00ab\u00a0de toute fa\u00e7on vous \u00eates tous des salauds\u00a0\u00bb ne me parait pas un moyen optimal de discuter, de faire de la p\u00e9dagogie et d&rsquo;am\u00e9liorer la situation. Pour l&rsquo;\u00e9tudiant qui a retranscrit \u00e7a, comme il a \u00e9t\u00e9 choqu\u00e9 \u00e0 juste raison, j&rsquo;aimerai savoir s&rsquo;il a essay\u00e9 d&rsquo;ouvrir le dialogue pour comprendre pourquoi ce propos \u00e9tait tenu? C&rsquo;est bien de d\u00e9noncer. J&rsquo;adore \u00e7a. Il est plus difficile de parler avec celui qu&rsquo;on d\u00e9nonce, si on veux esp\u00e9rer une am\u00e9lioration, la d\u00e9nonciation seule ne suffit pas. Parfois expliquer calmement pourquoi certains propos, certaines positions ne sont pas dicibles ou tenables peut entrainer une r\u00e9flexion. J&rsquo;ai la faiblesse de penser que la majorit\u00e9 de mes coll\u00e8gues sont des personnes avec un fond d&rsquo;humanit\u00e9 important qui peuvent accepter la discussion.<\/p>\n<p>Je me trompe peut \u00eatre totalement sur le sens du tweet de Martin Winckler, il ne s&rsquo;agit, encore une fois, que d&rsquo;une fa\u00e7on d&rsquo;exister m\u00e9diatiquement dans la d\u00e9nonciation facile. Je trouve \u00e7a dommage, car il y a tant de chose \u00e0 dire\u00a0 et \u00e0 faire pour am\u00e9liorer l&rsquo;enseignement m\u00e9dical. J&rsquo;aimerai y voir une envie de dialoguer certes maladroite mais une envie malgr\u00e9 tout.<\/p>\n<p>Je suis \u00e9tonn\u00e9 qu&rsquo;il n&rsquo;y ait pas d\u00e9j\u00e0 un hashtag #BalanceTonProf ou #balanceTonBEOSARGH.<\/p>\n<p>Je crois que Dwight Trible a raison avec cette chanson. Je lui c\u00e8de la parole.<\/p>\n<p><iframe loading=\"lazy\" src=\"https:\/\/www.youtube.com\/embed\/8fjbRtz4Oho\" width=\"560\" height=\"315\" frameborder=\"0\" allowfullscreen=\"allowfullscreen\"><\/iframe><\/p>\n<p>NB: dans les commentaires vous pouvez rajouter les qualificatifs que vous trouvez adapt\u00e9s aux enseignants en m\u00e9decine. Je les rajouterai au fur et \u00e0 mesure dans le texte. Par exemple, <a href=\"https:\/\/twitter.com\/PerduEnRoute\/status\/953304204755591169\">incomp\u00e9tent<\/a> m&rsquo;a \u00e9t\u00e9 sugg\u00e9r\u00e9 \u00e0 l&rsquo;instant.<\/p>\n","protected":false},"excerpt":{"rendered":"<p>J&rsquo;ai ador\u00e9 ce tweet. C&rsquo;est exactement \u00e7a le probl\u00e8me : l&rsquo;enseignement de la m\u00e9decine est trop souvent aux mains de brutes \u00e9paisses. Obtuses. Archa\u00efques. Sexistes. Racistes. Homophobes. Grossophobes. Et qui le sont impun\u00e9ment. https:\/\/t.co\/DPZshewMR9 \u2014 (((MartinWinckler))) (@MartinWinckler) 16 janvier 2018 &hellip; <a href=\"https:\/\/perruchenautomne.eu\/wordpress\/2018\/01\/16\/beosargh\/\">Continuer la lecture <span class=\"meta-nav\">&rarr;<\/span><\/a><\/p>\n","protected":false},"author":1,"featured_media":0,"comment_status":"open","ping_status":"open","sticky":false,"template":"","format":"standard","meta":{"jetpack_post_was_ever_published":false,"_jetpack_newsletter_access":"","_jetpack_dont_email_post_to_subs":false,"_jetpack_newsletter_tier_id":0,"_jetpack_memberships_contains_paywalled_content":false,"_jetpack_memberships_contains_paid_content":false,"footnotes":"","jetpack_publicize_message":"","jetpack_publicize_feature_enabled":true,"jetpack_social_post_already_shared":true,"jetpack_social_options":{"image_generator_settings":{"template":"highway","default_image_id":0,"font":"","enabled":false},"version":2}},"categories":[13,11],"tags":[2074,1953,2072,2073,1954],"class_list":["post-5679","post","type-post","status-publish","format-standard","hentry","category-medecine-2","category-medecine-humeur","tag-archaique","tag-brute","tag-grossophobe","tag-homophobe","tag-winckler"],"jetpack_publicize_connections":[],"jetpack_featured_media_url":"","jetpack_shortlink":"https:\/\/wp.me\/s1l1zM-beosargh","jetpack_sharing_enabled":true,"jetpack-related-posts":[],"_links":{"self":[{"href":"https:\/\/perruchenautomne.eu\/wordpress\/wp-json\/wp\/v2\/posts\/5679","targetHints":{"allow":["GET"]}}],"collection":[{"href":"https:\/\/perruchenautomne.eu\/wordpress\/wp-json\/wp\/v2\/posts"}],"about":[{"href":"https:\/\/perruchenautomne.eu\/wordpress\/wp-json\/wp\/v2\/types\/post"}],"author":[{"embeddable":true,"href":"https:\/\/perruchenautomne.eu\/wordpress\/wp-json\/wp\/v2\/users\/1"}],"replies":[{"embeddable":true,"href":"https:\/\/perruchenautomne.eu\/wordpress\/wp-json\/wp\/v2\/comments?post=5679"}],"version-history":[{"count":4,"href":"https:\/\/perruchenautomne.eu\/wordpress\/wp-json\/wp\/v2\/posts\/5679\/revisions"}],"predecessor-version":[{"id":5683,"href":"https:\/\/perruchenautomne.eu\/wordpress\/wp-json\/wp\/v2\/posts\/5679\/revisions\/5683"}],"wp:attachment":[{"href":"https:\/\/perruchenautomne.eu\/wordpress\/wp-json\/wp\/v2\/media?parent=5679"}],"wp:term":[{"taxonomy":"category","embeddable":true,"href":"https:\/\/perruchenautomne.eu\/wordpress\/wp-json\/wp\/v2\/categories?post=5679"},{"taxonomy":"post_tag","embeddable":true,"href":"https:\/\/perruchenautomne.eu\/wordpress\/wp-json\/wp\/v2\/tags?post=5679"}],"curies":[{"name":"wp","href":"https:\/\/api.w.org\/{rel}","templated":true}]}}