{"id":5749,"date":"2018-04-11T07:23:34","date_gmt":"2018-04-11T06:23:34","guid":{"rendered":"https:\/\/perruchenautomne.eu\/wordpress\/?p=5749"},"modified":"2018-04-10T20:41:07","modified_gmt":"2018-04-10T19:41:07","slug":"reconnaitre-le-fascisme-dumberto-eco-traduit-par-myriem-bouzaher","status":"publish","type":"post","link":"https:\/\/perruchenautomne.eu\/wordpress\/2018\/04\/11\/reconnaitre-le-fascisme-dumberto-eco-traduit-par-myriem-bouzaher\/","title":{"rendered":"\u00ab\u00a0Reconnaitre le Fascisme\u00a0\u00bb d&rsquo;Umberto Eco traduit par Myriem Bouzaher"},"content":{"rendered":"<p>Petit texte du s\u00e9miologue italien, initialement une conf\u00e9rence qui se retrouve couch\u00e9e sur le papier. Nous entendons encore les mots vol\u00e9s dans l&rsquo;air new-yorkais.<\/p>\n<p>Cette lecture est de salubrit\u00e9 publique. Eco donne 14 caract\u00e9ristiques de ce qu&rsquo;il appelle l&rsquo;Ur-fascisme (le fascisme primitif et \u00e9ternel). Il suffit d&rsquo;un de ces traits pour que le diagnostic soit port\u00e9. Chaque fascisme combine plus ou moins ces caract\u00e9ristiques.<\/p>\n<ol>\n<li>\u00a0Le culte de la tradition<\/li>\n<li>Le refus du modernisme<\/li>\n<li>L&rsquo;action pour l&rsquo;action<\/li>\n<li>Le d\u00e9saccord est trahison<\/li>\n<li>La peur de la diff\u00e9rence (racisme)<\/li>\n<li>L&rsquo;appel aux classes moyennes frustr\u00e9es<\/li>\n<li>Le nationalisme<\/li>\n<li>Les ennemis sont \u00e0 la fois trop forts et trop faibles.<\/li>\n<li>La vie est une guerre permanente<\/li>\n<li>Le m\u00e9pris pour les faibles<\/li>\n<li>Culte de l\u2019h\u00e9ro\u00efsme et de la mort<\/li>\n<li>Le machisme<\/li>\n<li>Populisme qualitatif<\/li>\n<li>La novlangue<\/li>\n<\/ol>\n<p>Umberto Eco explique remarquablement bien en les d\u00e9montant ces signes du fascisme avec son humour de gros chat repu et content de sa trouvaille.<\/p>\n<p>52 pages de bonheur intellectuel loin de toute pens\u00e9e facile et pourtant totalement accessible. R\u00e9jouissant.<\/p>\n","protected":false},"excerpt":{"rendered":"<p>Petit texte du s\u00e9miologue italien, initialement une conf\u00e9rence qui se retrouve couch\u00e9e sur le papier. Nous entendons encore les mots vol\u00e9s dans l&rsquo;air new-yorkais. Cette lecture est de salubrit\u00e9 publique. Eco donne 14 caract\u00e9ristiques de ce qu&rsquo;il appelle l&rsquo;Ur-fascisme (le &hellip; <a href=\"https:\/\/perruchenautomne.eu\/wordpress\/2018\/04\/11\/reconnaitre-le-fascisme-dumberto-eco-traduit-par-myriem-bouzaher\/\">Continuer la lecture <span class=\"meta-nav\">&rarr;<\/span><\/a><\/p>\n","protected":false},"author":1,"featured_media":0,"comment_status":"open","ping_status":"open","sticky":false,"template":"","format":"standard","meta":{"jetpack_post_was_ever_published":false,"_jetpack_newsletter_access":"","_jetpack_dont_email_post_to_subs":false,"_jetpack_newsletter_tier_id":0,"_jetpack_memberships_contains_paywalled_content":false,"_jetpack_memberships_contains_paid_content":false,"footnotes":"","jetpack_publicize_message":"","jetpack_publicize_feature_enabled":true,"jetpack_social_post_already_shared":true,"jetpack_social_options":{"image_generator_settings":{"template":"highway","default_image_id":0,"font":"","enabled":false},"version":2}},"categories":[34,1609],"tags":[2089,2088],"class_list":["post-5749","post","type-post","status-publish","format-standard","hentry","category-litterature","category-livres","tag-eco","tag-fascisme"],"jetpack_publicize_connections":[],"jetpack_featured_media_url":"","jetpack_shortlink":"https:\/\/wp.me\/p1l1zM-1uJ","jetpack_sharing_enabled":true,"jetpack-related-posts":[],"_links":{"self":[{"href":"https:\/\/perruchenautomne.eu\/wordpress\/wp-json\/wp\/v2\/posts\/5749","targetHints":{"allow":["GET"]}}],"collection":[{"href":"https:\/\/perruchenautomne.eu\/wordpress\/wp-json\/wp\/v2\/posts"}],"about":[{"href":"https:\/\/perruchenautomne.eu\/wordpress\/wp-json\/wp\/v2\/types\/post"}],"author":[{"embeddable":true,"href":"https:\/\/perruchenautomne.eu\/wordpress\/wp-json\/wp\/v2\/users\/1"}],"replies":[{"embeddable":true,"href":"https:\/\/perruchenautomne.eu\/wordpress\/wp-json\/wp\/v2\/comments?post=5749"}],"version-history":[{"count":1,"href":"https:\/\/perruchenautomne.eu\/wordpress\/wp-json\/wp\/v2\/posts\/5749\/revisions"}],"predecessor-version":[{"id":5750,"href":"https:\/\/perruchenautomne.eu\/wordpress\/wp-json\/wp\/v2\/posts\/5749\/revisions\/5750"}],"wp:attachment":[{"href":"https:\/\/perruchenautomne.eu\/wordpress\/wp-json\/wp\/v2\/media?parent=5749"}],"wp:term":[{"taxonomy":"category","embeddable":true,"href":"https:\/\/perruchenautomne.eu\/wordpress\/wp-json\/wp\/v2\/categories?post=5749"},{"taxonomy":"post_tag","embeddable":true,"href":"https:\/\/perruchenautomne.eu\/wordpress\/wp-json\/wp\/v2\/tags?post=5749"}],"curies":[{"name":"wp","href":"https:\/\/api.w.org\/{rel}","templated":true}]}}