{"id":5770,"date":"2018-06-02T16:22:30","date_gmt":"2018-06-02T15:22:30","guid":{"rendered":"https:\/\/perruchenautomne.eu\/wordpress\/?p=5770"},"modified":"2018-06-03T06:19:38","modified_gmt":"2018-06-03T05:19:38","slug":"lhonneur-du-service-public","status":"publish","type":"post","link":"https:\/\/perruchenautomne.eu\/wordpress\/2018\/06\/02\/lhonneur-du-service-public\/","title":{"rendered":"L&rsquo;honneur du service public"},"content":{"rendered":"<p>France culture s&rsquo;est lanc\u00e9e dans le podcast natif avec l&rsquo;excellent <a href=\"https:\/\/www.franceculture.fr\/dossiers\/superfail\">\u00ab\u00a0Superfail\u00a0\u00bb<\/a> hebdomadaire\u00a0 de Guillaume Erner, j&rsquo;avais \u00e9cout\u00e9 avec bonheur et jubilation le dr\u00f4le, d\u00e9cal\u00e9 et franchement intelligent <a href=\"https:\/\/www.franceculture.fr\/litterature\/111-jeudi-vous-avez-dit-bizarre\">\u00ab\u00a0Hasta Dente\u00a0\u00bb<\/a>. Quand j&rsquo;ai d\u00e9couvert sur Twitter l&rsquo;arriv\u00e9e d&rsquo;un documentaire en podcast, je me suis dit, int\u00e9ressant. J&rsquo;ai \u00e9cout\u00e9 l&rsquo;ensemble du documentaire avant d&rsquo;en parler. Je fais une note car je veux absolument entendre la saison deux. Le titre <a href=\"https:\/\/www.franceculture.fr\/societe\/ma-fille-sous-influence\">\u00ab\u00a0Ma fille sous influence\u00a0\u00bb<\/a>, le sujet, la vie d&rsquo;une famille apr\u00e8s la conversion \u00e0\u00a0 l&rsquo;islam radical de leur fille, le r\u00e9sultat, une immense claque dans la gueule et une prise de conscience des risques \u00e0 laisser prolif\u00e9rer un message religieux ali\u00e9nant.<\/p>\n<p>Il faut absolument \u00e9couter l&rsquo;ensemble des \u00e9pisodes avant de juger pour mesurer la qualit\u00e9 du travail. La prise de recul des journalistes vis \u00e0 vis de tous les clich\u00e9s, du pr\u00eat \u00e0 penser g\u00e9n\u00e9rer par le sujet est importante. C&rsquo;est passionnant et gla\u00e7ant. Tout parent qui \u00e9coutera ces t\u00e9moignages sera terroris\u00e9. Le quotidien d&rsquo;une famille banale bascule avec la captation de leur fille par un mouvement sectaire. Ici on nous raconte un islam radical, mais les mots, l&rsquo;histoire, les peurs, la perte de confiance, la manipulation d\u00e9crites ici seraient les m\u00eames avec tout mouvement sectaire religieux, politique ou toute conduite addictive. Le quotidien de la famille ressemble au quotidien des familles avec un enfant devenu toxicomane, le mensonge, la dissimulation et la perte de confiance. Ce moment o\u00f9 on ne reconnait plus son enfant, o\u00f9 il devient un \u00e9tranger radical et pourtant on l&rsquo;aime encore et toujours, malgr\u00e9 tout. C&rsquo;est terrible.<\/p>\n<p>Le salafisme est une secte comme une autre, elle conduit dans ses formes les plus radicales \u00e0 la mort, comme certaines sectes v\u00e9g\u00e9taliennes qui promeuvent le jeun, comme les sectes antivax qui conduisent \u00e0 voir des enfants mourir du t\u00e9tanos. Ici c&rsquo;est le djihad qui conduit \u00e0 la fin. Il n&rsquo;y a ni paradis ni enfer, juste la mort au terme de ce chemin dramatique. Il est indispensable de lutter contre toutes ces d\u00e9rives sectaires quelque soit la religion ou la philosophie qui les inspirent. Je ne peux que conseiller la lecture du petit livre <a href=\"https:\/\/perruchenautomne.eu\/wordpress\/?p=5749\">d&rsquo;umberto Eco<\/a> dont j&rsquo;avais fait la recension. On retrouve toutes les caract\u00e9ristiques d&rsquo;un proto-fascisme dans ces mouvements.<\/p>\n<p>Ce qui est tr\u00e8s int\u00e9ressant dans ce documentaire, c&rsquo;est que tout est sujet \u00e0 r\u00e9flexion, discussion, le r\u00f4le et l\u2019attitude des diff\u00e9rents protagonistes, l&rsquo;absence de prise de conscience des pouvoirs publics, l&rsquo;apparition des sp\u00e9cialistes du mouvement, etc. La r\u00e9action du p\u00e8re est typique. La peur d&rsquo;\u00eatre trait\u00e9 d&rsquo;islamophobe, alors qu&rsquo;ici on ne parle pas d&rsquo;Islam, mais juste d&rsquo;une secte. Ce n&rsquo;est pas en lisant le coran qu&rsquo;on peut lutter contre eux mais juste en les reconnaissant comme des syst\u00e8mes totalitaires et en interdisant ces mouvements. Il y a un \u00e9norme travail de pr\u00e9vention qui passe par l&rsquo;\u00e9ducation. Nous devons\u00a0 introduire un enseignement religieux \u00e0 l&rsquo;\u00e9cole publique fran\u00e7aise adoss\u00e9 \u00e0 un enseignement des sciences (biologie, philosophie, histoire). C&rsquo;est en nous battant avec les outils de la rationalit\u00e9 que nous pourrons \u00e9viter ces histoires dramatiques.<\/p>\n<p>Le t\u00e9moignage des m\u00e8res est juste bouleversant, je pense \u00e0 elles, \u00e0 leurs vies, \u00e0 leurs interrogations, leurs peurs et j&rsquo;ai les larmes aux yeux. Difficile de ne pas s&rsquo;identifier quand on a quatre filles&#8230;<\/p>\n<p>\u00c9coutez ce podcast, diffusez le, discutez en autour de vous.<\/p>\n<p>Merci \u00e0 France Culture pour ce journalisme de tr\u00e8s bonne qualit\u00e9.<\/p>\n<p>Ce podcast m&rsquo;a fait forc\u00e9ment penser \u00e0 une lecture r\u00e9cente, <a href=\"http:\/\/www.zulma.fr\/livre-evangelia-572158.html\">Evangelia<\/a> de David Toscana. Le propos est simple et iconoclaste, le premier enfant de Marie, n&rsquo;est pas un gar\u00e7on mais une fille, Emmanuelle. Toscana \u00e0 partir de ce principe de d\u00e9part revisite les \u00e9vangiles d&rsquo;une fa\u00e7on dr\u00f4le et r\u00e9aliste. A travers cette remarquable fiction, il montre comment nous n&rsquo;avons pas\u00a0 boug\u00e9 dans nos repr\u00e9sentation mentales depuis 2000 ans avec cette forte envie de laisser les femmes \u00e0 la cuisine et une obsession de l&rsquo;impuret\u00e9. Cette lecture est vraiment troublante quand elle entre en r\u00e9sonance avec l&rsquo;histoire d&rsquo;Emma et de sa famille, qui est pur, qui est impur. Forc\u00e9ment je vous conseille la lecture de Toscana, l&rsquo;\u00e9crivain mexicain le plus brillant de sa g\u00e9n\u00e9ration. Avec Emmanuelle \u00e0\u00a0 travers la Palestine vous rirez, vous tremblerez et vous r\u00e9fl\u00e9chirez sur le sens de la religion et plus important sur la litt\u00e9rature.<\/p>\n<p>Qui osera faire Corana? Ceci serait salutaire.<\/p>\n","protected":false},"excerpt":{"rendered":"<p>France culture s&rsquo;est lanc\u00e9e dans le podcast natif avec l&rsquo;excellent \u00ab\u00a0Superfail\u00a0\u00bb hebdomadaire\u00a0 de Guillaume Erner, j&rsquo;avais \u00e9cout\u00e9 avec bonheur et jubilation le dr\u00f4le, d\u00e9cal\u00e9 et franchement intelligent \u00ab\u00a0Hasta Dente\u00a0\u00bb. Quand j&rsquo;ai d\u00e9couvert sur Twitter l&rsquo;arriv\u00e9e d&rsquo;un documentaire en podcast, je &hellip; <a href=\"https:\/\/perruchenautomne.eu\/wordpress\/2018\/06\/02\/lhonneur-du-service-public\/\">Continuer la lecture <span class=\"meta-nav\">&rarr;<\/span><\/a><\/p>\n","protected":false},"author":1,"featured_media":0,"comment_status":"open","ping_status":"open","sticky":false,"template":"","format":"standard","meta":{"jetpack_post_was_ever_published":false,"_jetpack_newsletter_access":"","_jetpack_dont_email_post_to_subs":false,"_jetpack_newsletter_tier_id":0,"_jetpack_memberships_contains_paywalled_content":false,"_jetpack_memberships_contains_paid_content":false,"footnotes":"","jetpack_publicize_message":"","jetpack_publicize_feature_enabled":true,"jetpack_social_post_already_shared":true,"jetpack_social_options":{"image_generator_settings":{"template":"highway","default_image_id":0,"font":"","enabled":false},"version":2}},"categories":[1607,34],"tags":[2095,112,2092,2091,2093,2094],"class_list":["post-5770","post","type-post","status-publish","format-standard","hentry","category-actualite","category-litterature","tag-evangelia","tag-france-culture","tag-islamisme","tag-podcast","tag-radicalisme","tag-toscana"],"jetpack_publicize_connections":[],"jetpack_featured_media_url":"","jetpack_shortlink":"https:\/\/wp.me\/p1l1zM-1v4","jetpack_sharing_enabled":true,"jetpack-related-posts":[],"_links":{"self":[{"href":"https:\/\/perruchenautomne.eu\/wordpress\/wp-json\/wp\/v2\/posts\/5770","targetHints":{"allow":["GET"]}}],"collection":[{"href":"https:\/\/perruchenautomne.eu\/wordpress\/wp-json\/wp\/v2\/posts"}],"about":[{"href":"https:\/\/perruchenautomne.eu\/wordpress\/wp-json\/wp\/v2\/types\/post"}],"author":[{"embeddable":true,"href":"https:\/\/perruchenautomne.eu\/wordpress\/wp-json\/wp\/v2\/users\/1"}],"replies":[{"embeddable":true,"href":"https:\/\/perruchenautomne.eu\/wordpress\/wp-json\/wp\/v2\/comments?post=5770"}],"version-history":[{"count":3,"href":"https:\/\/perruchenautomne.eu\/wordpress\/wp-json\/wp\/v2\/posts\/5770\/revisions"}],"predecessor-version":[{"id":5773,"href":"https:\/\/perruchenautomne.eu\/wordpress\/wp-json\/wp\/v2\/posts\/5770\/revisions\/5773"}],"wp:attachment":[{"href":"https:\/\/perruchenautomne.eu\/wordpress\/wp-json\/wp\/v2\/media?parent=5770"}],"wp:term":[{"taxonomy":"category","embeddable":true,"href":"https:\/\/perruchenautomne.eu\/wordpress\/wp-json\/wp\/v2\/categories?post=5770"},{"taxonomy":"post_tag","embeddable":true,"href":"https:\/\/perruchenautomne.eu\/wordpress\/wp-json\/wp\/v2\/tags?post=5770"}],"curies":[{"name":"wp","href":"https:\/\/api.w.org\/{rel}","templated":true}]}}