{"id":5774,"date":"2018-06-03T08:38:01","date_gmt":"2018-06-03T07:38:01","guid":{"rendered":"https:\/\/perruchenautomne.eu\/wordpress\/?p=5774"},"modified":"2018-06-03T08:38:01","modified_gmt":"2018-06-03T07:38:01","slug":"memoires-dun-frene-de-park-kun-woong-traduit-par-kette-amoruso","status":"publish","type":"post","link":"https:\/\/perruchenautomne.eu\/wordpress\/2018\/06\/03\/memoires-dun-frene-de-park-kun-woong-traduit-par-kette-amoruso\/","title":{"rendered":"M\u00e9moires d&rsquo;un fr\u00eane de Park Kun-woong traduit par Kette Amoruso"},"content":{"rendered":"<p>Je sais \u00e7a fait un peu pr\u00e9tentieux, mais j&rsquo;aime bien France Culture. C&rsquo;est la seule radio que j&rsquo;\u00e9coute, en podcast, avec France musique (uniquement Open jazz). Une habitude qui remonte \u00e0 mon post doc en Allemagne, d\u00e9j\u00e0 10 ans, le temps passe. J&rsquo;\u00e9coute surtout de l&rsquo;histoire car j&rsquo;en lis peu, le temps n&rsquo;est pas extensible \u00e0 l&rsquo;infini,\u00a0 mais comme j&rsquo;aime \u00e7a, j&rsquo;essaye de me tenir au courant. La fabrique de l&rsquo;histoire fait une table ronde fiction le premier vendredi de chaque mois et en r\u00e8gle g\u00e9n\u00e9rale je suis d&rsquo;accord sur les conseils litt\u00e9raires. Ce mois ci, il a \u00e9t\u00e9 fait <a href=\"https:\/\/www.franceculture.fr\/emissions\/la-fabrique-de-lhistoire\/table-ronde-fiction-en-histoire-2\">l&rsquo;\u00e9loge d&rsquo;un roman graphique<\/a>. J&rsquo;ai eu de la chance la librairie dans laquelle je suis all\u00e9 avait un exemplaire.<\/p>\n<p><a href=\"https:\/\/perruchenautomne.eu\/wordpress\/wp-content\/uploads\/2018\/06\/20180602_230416.jpg\"><img loading=\"lazy\" decoding=\"async\" class=\"aligncenter size-full wp-image-5776\" src=\"https:\/\/perruchenautomne.eu\/wordpress\/wp-content\/uploads\/2018\/06\/20180602_230416.jpg\" alt=\"\" width=\"990\" height=\"1518\" srcset=\"https:\/\/perruchenautomne.eu\/wordpress\/wp-content\/uploads\/2018\/06\/20180602_230416.jpg 990w, https:\/\/perruchenautomne.eu\/wordpress\/wp-content\/uploads\/2018\/06\/20180602_230416-196x300.jpg 196w, https:\/\/perruchenautomne.eu\/wordpress\/wp-content\/uploads\/2018\/06\/20180602_230416-768x1178.jpg 768w, https:\/\/perruchenautomne.eu\/wordpress\/wp-content\/uploads\/2018\/06\/20180602_230416-668x1024.jpg 668w\" sizes=\"auto, (max-width: 990px) 100vw, 990px\" \/><\/a>Park Kun-woong s&rsquo;inspire d&rsquo;une nouvelle de Choi Yong-tak ( si un \u00e9diteur avait la bonne id\u00e9e de rendre disponible le recueil) pour aborder une histoire oubli\u00e9e de la guerre de Cor\u00e9e, le massacre de la ligue de Bodo. Pour \u00e9voquer ce drame, 200 000 morts, l&rsquo;auteur d\u00e9crit l&rsquo;assassinat par la police de 600 personnes dans un bois. Le t\u00e9moin et narrateur est un fr\u00eane. Ce livre est une immense r\u00e9ussite, bouleversante. La guerre est d\u00e9crite pour ce qu&rsquo;elle est une boucherie immonde que rien ne peut excuser.<\/p>\n<p><a href=\"https:\/\/perruchenautomne.eu\/wordpress\/wp-content\/uploads\/2018\/06\/20180602_231529.jpg\"><img loading=\"lazy\" decoding=\"async\" class=\"aligncenter size-full wp-image-5777\" src=\"https:\/\/perruchenautomne.eu\/wordpress\/wp-content\/uploads\/2018\/06\/20180602_231529.jpg\" alt=\"\" width=\"1137\" height=\"1500\" srcset=\"https:\/\/perruchenautomne.eu\/wordpress\/wp-content\/uploads\/2018\/06\/20180602_231529.jpg 1137w, https:\/\/perruchenautomne.eu\/wordpress\/wp-content\/uploads\/2018\/06\/20180602_231529-227x300.jpg 227w, https:\/\/perruchenautomne.eu\/wordpress\/wp-content\/uploads\/2018\/06\/20180602_231529-768x1013.jpg 768w, https:\/\/perruchenautomne.eu\/wordpress\/wp-content\/uploads\/2018\/06\/20180602_231529-776x1024.jpg 776w\" sizes=\"auto, (max-width: 1137px) 100vw, 1137px\" \/><\/a>Le talent de l&rsquo;auteur est de prendre le parti pris d&rsquo;un arbre avec ce regard sur le temps long qui passe et l&rsquo;int\u00e9r\u00eat de ce massacre de son point de vue d&rsquo;arbre. C&rsquo;est brillant, intelligent, sensible, terriblement humain. La description des trois assassinats chaque fois diff\u00e9rent et pourtant tous semblables est saisissante. Les visages des hommes qui se transforme en citrouille est une trouvaille impressionnante pour illustrer la d\u00e9shumanisation qui accompagne forc\u00e9ment le massacre de masse. La vie reprend toujours ces droits avec les insectes, les animaux, les v\u00e9g\u00e9taux qui profitent de cet apport inesp\u00e9r\u00e9 de mati\u00e8res nutritives. La vie toujours plus forte. Arrive le temps du deuil, les familles veulent r\u00e9cup\u00e9rer les corps, comment reconnaitre son fils dans cette masse de corps d\u00e9figur\u00e9s et d\u00e9j\u00e0 bouff\u00e9s par les vers. C&rsquo;est hallucinant.<\/p>\n<p><a href=\"https:\/\/perruchenautomne.eu\/wordpress\/wp-content\/uploads\/2018\/06\/20180602_231747.jpg\"><img loading=\"lazy\" decoding=\"async\" class=\"aligncenter size-full wp-image-5780\" src=\"https:\/\/perruchenautomne.eu\/wordpress\/wp-content\/uploads\/2018\/06\/20180602_231747.jpg\" alt=\"\" width=\"1464\" height=\"1149\" srcset=\"https:\/\/perruchenautomne.eu\/wordpress\/wp-content\/uploads\/2018\/06\/20180602_231747.jpg 1464w, https:\/\/perruchenautomne.eu\/wordpress\/wp-content\/uploads\/2018\/06\/20180602_231747-300x235.jpg 300w, https:\/\/perruchenautomne.eu\/wordpress\/wp-content\/uploads\/2018\/06\/20180602_231747-768x603.jpg 768w, https:\/\/perruchenautomne.eu\/wordpress\/wp-content\/uploads\/2018\/06\/20180602_231747-1024x804.jpg 1024w\" sizes=\"auto, (max-width: 1464px) 100vw, 1464px\" \/><\/a>L&rsquo;\u00e9conomie de mots, le noir et blanc, nous font toucher du doigts l&rsquo;horreur. Pas de r\u00e9demption possible pour ces assassins, pas de pardon, pas d&rsquo;oubli, car l&rsquo;arbre se souvient. Nous ne devons pas oublier. Cette \u0153uvre est un remarquable message pour nous dire qu&rsquo;aucune id\u00e9ologie, religion, philosophie ne peut justifier de tuer l&rsquo;autre.<\/p>\n<p><a href=\"https:\/\/perruchenautomne.eu\/wordpress\/wp-content\/uploads\/2018\/06\/20180602_231901.jpg\"><img loading=\"lazy\" decoding=\"async\" class=\"aligncenter size-full wp-image-5783\" src=\"https:\/\/perruchenautomne.eu\/wordpress\/wp-content\/uploads\/2018\/06\/20180602_231901.jpg\" alt=\"\" width=\"1041\" height=\"1524\" srcset=\"https:\/\/perruchenautomne.eu\/wordpress\/wp-content\/uploads\/2018\/06\/20180602_231901.jpg 1041w, https:\/\/perruchenautomne.eu\/wordpress\/wp-content\/uploads\/2018\/06\/20180602_231901-205x300.jpg 205w, https:\/\/perruchenautomne.eu\/wordpress\/wp-content\/uploads\/2018\/06\/20180602_231901-768x1124.jpg 768w, https:\/\/perruchenautomne.eu\/wordpress\/wp-content\/uploads\/2018\/06\/20180602_231901-699x1024.jpg 699w\" sizes=\"auto, (max-width: 1041px) 100vw, 1041px\" \/><\/a>La force de l\u2019\u0153uvre vient du talent de dessinateur, de peintre de Park Kun-woong, ses dessins sont magnifiques, tous, chaque vignette est superbe. Le choc nait de \u00e7a, la rencontre entre le pire de l&rsquo;humanit\u00e9 et le meilleur. Le m\u00eame talent et acharnement pour les deux faces de la pi\u00e8ce humaine, le bien et le mal.<\/p>\n<p>Les ciels sont beaux, immenses, \u00e9toil\u00e9s.<\/p>\n<p><a href=\"https:\/\/perruchenautomne.eu\/wordpress\/wp-content\/uploads\/2018\/06\/20180602_231806.jpg\"><img loading=\"lazy\" decoding=\"async\" class=\"aligncenter size-full wp-image-5781\" src=\"https:\/\/perruchenautomne.eu\/wordpress\/wp-content\/uploads\/2018\/06\/20180602_231806.jpg\" alt=\"\" width=\"972\" height=\"1446\" srcset=\"https:\/\/perruchenautomne.eu\/wordpress\/wp-content\/uploads\/2018\/06\/20180602_231806.jpg 972w, https:\/\/perruchenautomne.eu\/wordpress\/wp-content\/uploads\/2018\/06\/20180602_231806-202x300.jpg 202w, https:\/\/perruchenautomne.eu\/wordpress\/wp-content\/uploads\/2018\/06\/20180602_231806-768x1143.jpg 768w, https:\/\/perruchenautomne.eu\/wordpress\/wp-content\/uploads\/2018\/06\/20180602_231806-688x1024.jpg 688w\" sizes=\"auto, (max-width: 972px) 100vw, 972px\" \/><\/a>Les insectes sont magnifiques, grouillants et terrifiants. J&rsquo;aime beaucoup cette araign\u00e9e, il vous faudra tourner la page pour voir o\u00f9 elle arrive.<\/p>\n<p><a href=\"https:\/\/perruchenautomne.eu\/wordpress\/wp-content\/uploads\/2018\/06\/20180602_231721.jpg\"><img loading=\"lazy\" decoding=\"async\" class=\"aligncenter size-full wp-image-5779\" src=\"https:\/\/perruchenautomne.eu\/wordpress\/wp-content\/uploads\/2018\/06\/20180602_231721.jpg\" alt=\"\" width=\"1062\" height=\"1542\" srcset=\"https:\/\/perruchenautomne.eu\/wordpress\/wp-content\/uploads\/2018\/06\/20180602_231721.jpg 1062w, https:\/\/perruchenautomne.eu\/wordpress\/wp-content\/uploads\/2018\/06\/20180602_231721-207x300.jpg 207w, https:\/\/perruchenautomne.eu\/wordpress\/wp-content\/uploads\/2018\/06\/20180602_231721-768x1115.jpg 768w, https:\/\/perruchenautomne.eu\/wordpress\/wp-content\/uploads\/2018\/06\/20180602_231721-705x1024.jpg 705w\" sizes=\"auto, (max-width: 1062px) 100vw, 1062px\" \/><\/a>Les paysages de montagnes parfois \u00e0 peine esquiss\u00e9s dans la brume du matin vous donnent envie de d\u00e9couvrir ce pays.<\/p>\n<p><a href=\"https:\/\/perruchenautomne.eu\/wordpress\/wp-content\/uploads\/2018\/06\/20180602_231613.jpg\"><img loading=\"lazy\" decoding=\"async\" class=\"aligncenter size-full wp-image-5778\" src=\"https:\/\/perruchenautomne.eu\/wordpress\/wp-content\/uploads\/2018\/06\/20180602_231613.jpg\" alt=\"\" width=\"1062\" height=\"1491\" srcset=\"https:\/\/perruchenautomne.eu\/wordpress\/wp-content\/uploads\/2018\/06\/20180602_231613.jpg 1062w, https:\/\/perruchenautomne.eu\/wordpress\/wp-content\/uploads\/2018\/06\/20180602_231613-214x300.jpg 214w, https:\/\/perruchenautomne.eu\/wordpress\/wp-content\/uploads\/2018\/06\/20180602_231613-768x1078.jpg 768w, https:\/\/perruchenautomne.eu\/wordpress\/wp-content\/uploads\/2018\/06\/20180602_231613-729x1024.jpg 729w\" sizes=\"auto, (max-width: 1062px) 100vw, 1062px\" \/><\/a>Enfin la for\u00eat et l&rsquo;arbre narrateur sont superbes. Rien ne sera \u00e9pargn\u00e9 par la folie des hommes, pas m\u00eame notre arbre-m\u00e9moire, on est jamais t\u00e9moin d&rsquo;un tel drame sans s\u00e9quelle.<\/p>\n<p><a href=\"https:\/\/perruchenautomne.eu\/wordpress\/wp-content\/uploads\/2018\/06\/20180602_231835.jpg\"><img loading=\"lazy\" decoding=\"async\" class=\"aligncenter size-full wp-image-5782\" src=\"https:\/\/perruchenautomne.eu\/wordpress\/wp-content\/uploads\/2018\/06\/20180602_231835.jpg\" alt=\"\" width=\"765\" height=\"759\" srcset=\"https:\/\/perruchenautomne.eu\/wordpress\/wp-content\/uploads\/2018\/06\/20180602_231835.jpg 765w, https:\/\/perruchenautomne.eu\/wordpress\/wp-content\/uploads\/2018\/06\/20180602_231835-150x150.jpg 150w, https:\/\/perruchenautomne.eu\/wordpress\/wp-content\/uploads\/2018\/06\/20180602_231835-300x298.jpg 300w\" sizes=\"auto, (max-width: 765px) 100vw, 765px\" \/><\/a>Je vous conseille de vous pr\u00e9cipitez sur cette \u0153uvre. Merci \u00e0 la <a href=\"https:\/\/www.ruedelechiquier.net\/domaine-bande-dessin%C3%A9e\/160-m%C3%A9moires-d-un-fr%C3%AAne.html\">rue de l&rsquo;\u00e9chiquier<\/a> d&rsquo;avoir prit le risque de traduire ce fantastique roman graphique. L&rsquo;\u00e9dition est un \u00e9crin pour ce joyau d&rsquo;intelligence et d&rsquo;esth\u00e9tique.<\/p>\n<p>Mes conseils d&rsquo;\u00e9coute et de lecture du week-end ne sont pas tr\u00e8s gais. Le talent des passeurs me rend optimiste, il suffit que nous ouvrions les yeux et les oreilles pour ne pas c\u00e9der aux sir\u00e8nes <a href=\"https:\/\/perruchenautomne.eu\/wordpress\/?p=5749\">du fascisme<\/a> sous l&rsquo;une ou l&rsquo;autre de ses formes.<\/p>\n","protected":false},"excerpt":{"rendered":"<p>Je sais \u00e7a fait un peu pr\u00e9tentieux, mais j&rsquo;aime bien France Culture. C&rsquo;est la seule radio que j&rsquo;\u00e9coute, en podcast, avec France musique (uniquement Open jazz). Une habitude qui remonte \u00e0 mon post doc en Allemagne, d\u00e9j\u00e0 10 ans, le &hellip; <a href=\"https:\/\/perruchenautomne.eu\/wordpress\/2018\/06\/03\/memoires-dun-frene-de-park-kun-woong-traduit-par-kette-amoruso\/\">Continuer la lecture <span class=\"meta-nav\">&rarr;<\/span><\/a><\/p>\n","protected":false},"author":1,"featured_media":0,"comment_status":"open","ping_status":"open","sticky":false,"template":"","format":"standard","meta":{"jetpack_post_was_ever_published":false,"_jetpack_newsletter_access":"","_jetpack_dont_email_post_to_subs":false,"_jetpack_newsletter_tier_id":0,"_jetpack_memberships_contains_paywalled_content":false,"_jetpack_memberships_contains_paid_content":false,"footnotes":"","jetpack_publicize_message":"","jetpack_publicize_feature_enabled":true,"jetpack_social_post_already_shared":true,"jetpack_social_options":{"image_generator_settings":{"template":"highway","default_image_id":0,"font":"","enabled":false},"version":2}},"categories":[34],"tags":[2098,1570,2096,2097],"class_list":["post-5774","post","type-post","status-publish","format-standard","hentry","category-litterature","tag-bd","tag-coree","tag-memoires-dun-frene","tag-roman-graphique"],"jetpack_publicize_connections":[],"jetpack_featured_media_url":"","jetpack_shortlink":"https:\/\/wp.me\/p1l1zM-1v8","jetpack_sharing_enabled":true,"jetpack-related-posts":[],"_links":{"self":[{"href":"https:\/\/perruchenautomne.eu\/wordpress\/wp-json\/wp\/v2\/posts\/5774","targetHints":{"allow":["GET"]}}],"collection":[{"href":"https:\/\/perruchenautomne.eu\/wordpress\/wp-json\/wp\/v2\/posts"}],"about":[{"href":"https:\/\/perruchenautomne.eu\/wordpress\/wp-json\/wp\/v2\/types\/post"}],"author":[{"embeddable":true,"href":"https:\/\/perruchenautomne.eu\/wordpress\/wp-json\/wp\/v2\/users\/1"}],"replies":[{"embeddable":true,"href":"https:\/\/perruchenautomne.eu\/wordpress\/wp-json\/wp\/v2\/comments?post=5774"}],"version-history":[{"count":4,"href":"https:\/\/perruchenautomne.eu\/wordpress\/wp-json\/wp\/v2\/posts\/5774\/revisions"}],"predecessor-version":[{"id":5786,"href":"https:\/\/perruchenautomne.eu\/wordpress\/wp-json\/wp\/v2\/posts\/5774\/revisions\/5786"}],"wp:attachment":[{"href":"https:\/\/perruchenautomne.eu\/wordpress\/wp-json\/wp\/v2\/media?parent=5774"}],"wp:term":[{"taxonomy":"category","embeddable":true,"href":"https:\/\/perruchenautomne.eu\/wordpress\/wp-json\/wp\/v2\/categories?post=5774"},{"taxonomy":"post_tag","embeddable":true,"href":"https:\/\/perruchenautomne.eu\/wordpress\/wp-json\/wp\/v2\/tags?post=5774"}],"curies":[{"name":"wp","href":"https:\/\/api.w.org\/{rel}","templated":true}]}}