{"id":5936,"date":"2019-02-18T18:00:12","date_gmt":"2019-02-18T17:00:12","guid":{"rendered":"https:\/\/perruchenautomne.eu\/wordpress\/?p=5936"},"modified":"2019-02-18T18:00:20","modified_gmt":"2019-02-18T17:00:20","slug":"pense-bete-des-prefixes-dans-le-systeme-metrique","status":"publish","type":"post","link":"https:\/\/perruchenautomne.eu\/wordpress\/2019\/02\/18\/pense-bete-des-prefixes-dans-le-systeme-metrique\/","title":{"rendered":"Pense-b\u00eate des pr\u00e9fixes dans le syst\u00e8me m\u00e9trique"},"content":{"rendered":"\n<p>La m\u00e9trologie est une science passionnante. <\/p>\n\n\n\n<p>En mai 2019, nous rentrerons dans une nouvelle \u00e8re avec la nouvelle d\u00e9finition <a href=\"https:\/\/lejournal.cnrs.fr\/articles\/mesures-le-grand-renversement\">de l&rsquo;unit\u00e9 de masse qu&rsquo;est le kilogramm<\/a>e, mais aussi de la mole, de l&rsquo;amp\u00e8re et du kelvin. Le syst\u00e8me international aura 7 mesures de base, le m\u00e8tre, le kilogramme, la seconde, l\u2019amp\u00e8re, le kelvin, la mole et la candela d\u00e9finit avec pr\u00e9cision gr\u00e2ce \u00e0 l&rsquo;utilisation de <a href=\"https:\/\/lejournal.cnrs.fr\/articles\/ces-constantes-qui-donnent-la-mesure\">7 constantes physiques<\/a>.<\/p>\n\n\n\n<figure class=\"wp-block-image\"><img loading=\"lazy\" decoding=\"async\" width=\"664\" height=\"470\" src=\"https:\/\/perruchenautomne.eu\/wordpress\/wp-content\/uploads\/2019\/02\/data_si_mesures_72dpi.jpg\" alt=\"\" class=\"wp-image-5941\" srcset=\"https:\/\/perruchenautomne.eu\/wordpress\/wp-content\/uploads\/2019\/02\/data_si_mesures_72dpi.jpg 664w, https:\/\/perruchenautomne.eu\/wordpress\/wp-content\/uploads\/2019\/02\/data_si_mesures_72dpi-300x212.jpg 300w\" sizes=\"auto, (max-width: 664px) 100vw, 664px\" \/><\/figure>\n\n\n\n<p>Le <a href=\"https:\/\/www.bipm.org\/fr\/about-us\/\">BIPM<\/a> se pr\u00e9pare \u00e0 une autre \u00e9volution, celle des pr\u00e9fixes. J&rsquo;ai d\u00e9couvert ce projet dans <a href=\"http:\/\/science.sciencemag.org\/content\/363\/6428\/681?rss=1\">Science<\/a>. Elle va rajouter \u00e0 yotta (10^24 ) et yocto (10^-24), ronna, quecca (10^30), ronto et quecto. Ceci est rendu obligatoire essentiellement par les sciences de l&rsquo;information et les capacit\u00e9s des futurs ordinateurs avec des disques de l&rsquo;ordre du Yottabit qui vont arriver un jour. Si comme moi vous avez du mal \u00e0 vous retrouvez avec ces pr\u00e9fixes et leur signification voici un aide m\u00e9moire.<\/p>\n\n\n\n<p><\/p>\n\n\n\n<div class=\"wp-block-image\"><figure class=\"aligncenter\"><img loading=\"lazy\" decoding=\"async\" width=\"286\" height=\"1024\" src=\"https:\/\/perruchenautomne.eu\/wordpress\/wp-content\/uploads\/2019\/02\/prefix-dimension.large_-286x1024.jpg\" alt=\"\" class=\"wp-image-5942\" srcset=\"https:\/\/perruchenautomne.eu\/wordpress\/wp-content\/uploads\/2019\/02\/prefix-dimension.large_-286x1024.jpg 286w, https:\/\/perruchenautomne.eu\/wordpress\/wp-content\/uploads\/2019\/02\/prefix-dimension.large_-84x300.jpg 84w, https:\/\/perruchenautomne.eu\/wordpress\/wp-content\/uploads\/2019\/02\/prefix-dimension.large_.jpg 297w\" sizes=\"auto, (max-width: 286px) 100vw, 286px\" \/><\/figure><\/div>\n\n\n\n<p>Ces chiffres sont fascinants m\u00eame si j&rsquo;ai du mal \u00e0 me repr\u00e9senter ce qu&rsquo;ils veulent dire. J&rsquo;imagine qu&rsquo;un yoctom\u00e9tre est vraiment petit&#8230; Le pr\u00e9fixe yocto est tr\u00e8s mignon. En attendant l&rsquo;appareil qui produira des ronnad\u00e9cibels voici une petite suggestion d&rsquo;\u00e9coute. L&rsquo;excellent Ill considered avec un morceau de son cinqui\u00e8me opus.<\/p>\n\n\n\n<figure class=\"wp-block-audio\"><audio controls src=\"https:\/\/perruchenautomne.eu\/wordpress\/wp-content\/uploads\/2019\/02\/01-Calling.mp3\"><\/audio><figcaption>Calling<\/figcaption><\/figure>\n","protected":false},"excerpt":{"rendered":"<p>La m\u00e9trologie est une science passionnante. En mai 2019, nous rentrerons dans une nouvelle \u00e8re avec la nouvelle d\u00e9finition de l&rsquo;unit\u00e9 de masse qu&rsquo;est le kilogramme, mais aussi de la mole, de l&rsquo;amp\u00e8re et du kelvin. Le syst\u00e8me international aura &hellip; <a href=\"https:\/\/perruchenautomne.eu\/wordpress\/2019\/02\/18\/pense-bete-des-prefixes-dans-le-systeme-metrique\/\">Continuer la lecture <span class=\"meta-nav\">&rarr;<\/span><\/a><\/p>\n","protected":false},"author":1,"featured_media":0,"comment_status":"open","ping_status":"open","sticky":false,"template":"","format":"standard","meta":{"jetpack_post_was_ever_published":false,"_jetpack_newsletter_access":"","_jetpack_dont_email_post_to_subs":false,"_jetpack_newsletter_tier_id":0,"_jetpack_memberships_contains_paywalled_content":false,"_jetpack_memberships_contains_paid_content":false,"footnotes":"","jetpack_publicize_message":"","jetpack_publicize_feature_enabled":true,"jetpack_social_post_already_shared":true,"jetpack_social_options":{"image_generator_settings":{"template":"highway","default_image_id":0,"font":"","enabled":false},"version":2}},"categories":[61],"tags":[1765,2131,2130,2132],"class_list":["post-5936","post","type-post","status-publish","format-standard","hentry","category-science","tag-mesure","tag-metrologie","tag-systeme-metrique","tag-yocto"],"jetpack_publicize_connections":[],"jetpack_featured_media_url":"","jetpack_shortlink":"https:\/\/wp.me\/p1l1zM-1xK","jetpack_sharing_enabled":true,"jetpack-related-posts":[],"_links":{"self":[{"href":"https:\/\/perruchenautomne.eu\/wordpress\/wp-json\/wp\/v2\/posts\/5936","targetHints":{"allow":["GET"]}}],"collection":[{"href":"https:\/\/perruchenautomne.eu\/wordpress\/wp-json\/wp\/v2\/posts"}],"about":[{"href":"https:\/\/perruchenautomne.eu\/wordpress\/wp-json\/wp\/v2\/types\/post"}],"author":[{"embeddable":true,"href":"https:\/\/perruchenautomne.eu\/wordpress\/wp-json\/wp\/v2\/users\/1"}],"replies":[{"embeddable":true,"href":"https:\/\/perruchenautomne.eu\/wordpress\/wp-json\/wp\/v2\/comments?post=5936"}],"version-history":[{"count":2,"href":"https:\/\/perruchenautomne.eu\/wordpress\/wp-json\/wp\/v2\/posts\/5936\/revisions"}],"predecessor-version":[{"id":5945,"href":"https:\/\/perruchenautomne.eu\/wordpress\/wp-json\/wp\/v2\/posts\/5936\/revisions\/5945"}],"wp:attachment":[{"href":"https:\/\/perruchenautomne.eu\/wordpress\/wp-json\/wp\/v2\/media?parent=5936"}],"wp:term":[{"taxonomy":"category","embeddable":true,"href":"https:\/\/perruchenautomne.eu\/wordpress\/wp-json\/wp\/v2\/categories?post=5936"},{"taxonomy":"post_tag","embeddable":true,"href":"https:\/\/perruchenautomne.eu\/wordpress\/wp-json\/wp\/v2\/tags?post=5936"}],"curies":[{"name":"wp","href":"https:\/\/api.w.org\/{rel}","templated":true}]}}