{"id":5958,"date":"2019-07-11T15:57:26","date_gmt":"2019-07-11T14:57:26","guid":{"rendered":"https:\/\/perruchenautomne.eu\/wordpress\/?p=5958"},"modified":"2019-07-11T15:57:35","modified_gmt":"2019-07-11T14:57:35","slug":"une-pensee-triste-de-pere","status":"publish","type":"post","link":"https:\/\/perruchenautomne.eu\/wordpress\/2019\/07\/11\/une-pensee-triste-de-pere\/","title":{"rendered":"Une pens\u00e9e triste de p\u00e8re"},"content":{"rendered":"\n<p>Vincent Lambert est mort aujourd&rsquo;hui. J&rsquo;ai vu des messages s&rsquo;en r\u00e9jouissant. Je les trouve ind\u00e9cents, comme j&rsquo;avais trouv\u00e9 choquante l&rsquo;ambiance de victoire de la coupe du monde  lors d&rsquo;une d\u00e9cision judiciaire bloquant le processus d&rsquo;arr\u00eat de l&rsquo;alimentation et de l&rsquo;hydratation. Je n&rsquo;ai pas vraiment suivi cette histoire, o\u00f9 se joue certainement des choses compliqu\u00e9es au sein de la famille. De cette histoire singuli\u00e8re, certains se sont saisis pour d\u00e9fendre une position ou l&rsquo;autre. Ils l&rsquo;ont utilis\u00e9 \u00e0 qui mieux mieux pour leurs agendas politiques. Ceci n&rsquo;a pas du aider les non dits familiaux. Le camp parental ne m&rsquo;inspire aucune sympathie, vraiment aucune. Le camp m\u00e9dical auquel je m&rsquo;identifie tr\u00e8s bien pour avoir eu \u00e0 m&rsquo;occuper d&rsquo;une histoire pas tr\u00e8s \u00e9loign\u00e9e pendant quelques ann\u00e9es, m&rsquo;est beaucoup plus proche. Ceux qui pensent qu&rsquo;un bout de papier avec des directives anticip\u00e9es r\u00e9gleront tous les probl\u00e8mes sont de grands na\u00effs et devraient aller un peu avec les \u00e9quipes se chargeant du pr\u00e9l\u00e8vement d&rsquo;organes.<\/p>\n\n\n\n<p>Je pense \u00e0 ses parents. A ce moment o\u00f9 on annonce la mort de ton enfant. Je connais les deux places, je n&rsquo;en aime aucune, la <a href=\"https:\/\/perruchenautomne.eu\/wordpress\/?p=5130\">place de l&rsquo;annonceur<\/a> est plus facile. Je ne peux m\u2019emp\u00eacher de m&rsquo;identifier \u00e0 eux, \u00e0 leur volont\u00e9 de ne pas voir mourir leur enfant. Je ne sais pas ce qui les \u00e0 pousser. Cette histoire me renvoie \u00e0 ce que je ferai si j&rsquo;\u00e9tais \u00e0 leur place.<\/p>\n\n\n\n<p>Il est tr\u00e8s facile quand tout va bien d&rsquo;avoir des grandes id\u00e9es, tr\u00e8s arr\u00eat\u00e9es, bien claires, bien propres sur elles, bien dans l&rsquo;air du temps. Quand arrive le drame, les compteurs se remettent \u00e0 z\u00e9ro, vous devenez un autre. Toutes vos belles convictions s&rsquo;effondrent, balay\u00e9es par la peur du vide, la peur de l&rsquo;absence. Vous donneriez n&rsquo;importe quoi pour que la personne aim\u00e9e reste  encore un peu. Pour d\u00e9passer ce stade, il faut, je pense, avoir bien discut\u00e9 avant, \u00eatre sur des convictions de l&rsquo;autre, pas juste une phrase mais avoir vraiment parl\u00e9 du:  \u00ab\u00a0que d\u00e9sires tu si il t&rsquo;arrive quelque chose, si tu es en  mort enc\u00e9phalique (concept pas si \u00e9vident que \u00e7a), si tu as un niveau de conscience limit\u00e9e, si, si, si&#8230; \u00a0\u00bb Pas facile de parler de \u00e7a, mais indispensable, pour aider celui qu&rsquo;on aime quand il sera confront\u00e9 \u00e0 la situation. J&rsquo;imagine que la prise de d\u00e9cision est un peu plus simple quand les choses ont \u00e9t\u00e9 discut\u00e9es, anticip\u00e9es, et encore je n&rsquo;en suis pas sur. J&rsquo;ai conscience de la fragilit\u00e9 de nos convictions face au tsunami qu&rsquo;est la mort de l&rsquo;enfant. Anticiper, imaginer le pire est mon m\u00e9tier, la vie a renforc\u00e9 cette tendance. J&rsquo;ai aussi appris \u00e0 conna\u00eetre ma fragilit\u00e9. Je ne risque pas de donner de grandes le\u00e7ons ou prendre de grandes postures. J&rsquo;aimerai juste que chacun soit humble face \u00e0 ces convictions sur ce sujet, la mort aussi bien la sienne, que celles des autres. La vie a un go\u00fbt exceptionnel, c&rsquo;est bon de vivre, plus je vieillis plus je trouve que c&rsquo;est g\u00e9nial. Je n&rsquo;ai aucune id\u00e9e de ce que je ferai si j&rsquo;avais une maladie grave. Je n&rsquo;ai aucune id\u00e9e de ma r\u00e9action, la seule chose que je sais est que mon opinion actuelle, ce que je pourrais imagin\u00e9 maintenant, homme en bonne sant\u00e9, face \u00e0 une situation clinique ne vaudra rien quand je sentirai le souffle de la camarde sur ma nuque. Ce qui ne m\u2019emp\u00eachera pas d&rsquo;en parler.<\/p>\n\n\n\n<p>Je ne peux pas me r\u00e9jouir de la mort d&rsquo;une personne. Je pense \u00e0 ceux qui restent \u00e0 <a href=\"https:\/\/perruchenautomne.eu\/wordpress\/?p=5834\">ce d\u00e9chirement de l&rsquo;absence<\/a>. Voil\u00e0 pourquoi, alors que je trouvais d\u00e9testable le combat des parents de M Lambert, en ce jour, je compatis \u00e0 leur souffrance d&rsquo;avoir perdu un enfant. J&rsquo;aimerai leur dire que poursuivre les m\u00e9decins, l&rsquo;\u00e9tat ne leur rendra pas leur Vincent. Je suis convaincu que le combat judiciaire n&rsquo;a rien de cathartique, je crois m\u00eame qu&rsquo;il bloque le processus du deuil. Il emp\u00eache d&rsquo;avancer, de vivre avec cette absence, car nous n&rsquo;avons pas le choix.<\/p>\n\n\n\n<p>Avant que la mort n&rsquo;arrive, pensez \u00e0 dire aux gens que vous aimez, \u00ab\u00a0je t&rsquo;aime\u00a0\u00bb. Apr\u00e8s, il sera trop tard et comme disait Pierre Dac: \u00ab\u00a0Rien ne sert de penser, faut r\u00e9fl\u00e9chir avant.\u00a0\u00bb<\/p>\n\n\n\n<figure class=\"wp-block-audio\"><audio controls src=\"blob:https:\/\/perruchenautomne.eu\/667f972d-b2a5-4e40-9a56-84be30f83095\"><\/audio><\/figure>\n","protected":false},"excerpt":{"rendered":"<p>Vincent Lambert est mort aujourd&rsquo;hui. J&rsquo;ai vu des messages s&rsquo;en r\u00e9jouissant. Je les trouve ind\u00e9cents, comme j&rsquo;avais trouv\u00e9 choquante l&rsquo;ambiance de victoire de la coupe du monde lors d&rsquo;une d\u00e9cision judiciaire bloquant le processus d&rsquo;arr\u00eat de l&rsquo;alimentation et de l&rsquo;hydratation. &hellip; <a href=\"https:\/\/perruchenautomne.eu\/wordpress\/2019\/07\/11\/une-pensee-triste-de-pere\/\">Continuer la lecture <span class=\"meta-nav\">&rarr;<\/span><\/a><\/p>\n","protected":false},"author":1,"featured_media":0,"comment_status":"open","ping_status":"open","sticky":false,"template":"","format":"standard","meta":{"jetpack_post_was_ever_published":false,"_jetpack_newsletter_access":"","_jetpack_dont_email_post_to_subs":false,"_jetpack_newsletter_tier_id":0,"_jetpack_memberships_contains_paywalled_content":false,"_jetpack_memberships_contains_paid_content":false,"footnotes":"","jetpack_publicize_message":"","jetpack_publicize_feature_enabled":true,"jetpack_social_post_already_shared":true,"jetpack_social_options":{"image_generator_settings":{"template":"highway","default_image_id":0,"font":"","enabled":false},"version":2}},"categories":[11,18],"tags":[1077,2141,2139,180,2140],"class_list":["post-5958","post","type-post","status-publish","format-standard","hentry","category-medecine-humeur","category-o","tag-directives-anticipees","tag-fils","tag-lambert","tag-mort","tag-vie"],"jetpack_publicize_connections":[],"jetpack_featured_media_url":"","jetpack_shortlink":"https:\/\/wp.me\/p1l1zM-1y6","jetpack_sharing_enabled":true,"jetpack-related-posts":[],"_links":{"self":[{"href":"https:\/\/perruchenautomne.eu\/wordpress\/wp-json\/wp\/v2\/posts\/5958","targetHints":{"allow":["GET"]}}],"collection":[{"href":"https:\/\/perruchenautomne.eu\/wordpress\/wp-json\/wp\/v2\/posts"}],"about":[{"href":"https:\/\/perruchenautomne.eu\/wordpress\/wp-json\/wp\/v2\/types\/post"}],"author":[{"embeddable":true,"href":"https:\/\/perruchenautomne.eu\/wordpress\/wp-json\/wp\/v2\/users\/1"}],"replies":[{"embeddable":true,"href":"https:\/\/perruchenautomne.eu\/wordpress\/wp-json\/wp\/v2\/comments?post=5958"}],"version-history":[{"count":2,"href":"https:\/\/perruchenautomne.eu\/wordpress\/wp-json\/wp\/v2\/posts\/5958\/revisions"}],"predecessor-version":[{"id":5962,"href":"https:\/\/perruchenautomne.eu\/wordpress\/wp-json\/wp\/v2\/posts\/5958\/revisions\/5962"}],"wp:attachment":[{"href":"https:\/\/perruchenautomne.eu\/wordpress\/wp-json\/wp\/v2\/media?parent=5958"}],"wp:term":[{"taxonomy":"category","embeddable":true,"href":"https:\/\/perruchenautomne.eu\/wordpress\/wp-json\/wp\/v2\/categories?post=5958"},{"taxonomy":"post_tag","embeddable":true,"href":"https:\/\/perruchenautomne.eu\/wordpress\/wp-json\/wp\/v2\/tags?post=5958"}],"curies":[{"name":"wp","href":"https:\/\/api.w.org\/{rel}","templated":true}]}}