{"id":5992,"date":"2020-02-03T10:04:46","date_gmt":"2020-02-03T09:04:46","guid":{"rendered":"https:\/\/perruchenautomne.eu\/wordpress\/?p=5992"},"modified":"2020-02-03T10:04:46","modified_gmt":"2020-02-03T09:04:46","slug":"tu-aurais-17-ans-mon-fils","status":"publish","type":"post","link":"https:\/\/perruchenautomne.eu\/wordpress\/2020\/02\/03\/tu-aurais-17-ans-mon-fils\/","title":{"rendered":"Tu aurais 17 ans mon fils"},"content":{"rendered":"\n<p>Je ne croyais plus \u00e9crire \u00e0 cette date anniversaire. Il y a plusieurs raisons qui ne concernent que moi et mes proches. Une d\u00e9cision politique <a href=\"https:\/\/perruchenautomne.eu\/wordpress\/wp-admin\/post.php?post=495&amp;action=edit\">me pousse encore<\/a> \u00e0 reprendre le clavier. Il y a 17 ans mon fils est n\u00e9 puis il est mort, le m\u00eame jour, de fa\u00e7on incompr\u00e9hensible. C&rsquo;\u00e9tait un lundi. J&rsquo;ai toujours la m\u00eame tristesse, toujours les larmes qui affleurent, voir qui coulent franchement quand j&rsquo;y pense. Ce n&rsquo;est plus tous les jours, mais encore souvent, surtout \u00e0 cette p\u00e9riode. J&rsquo;en parle moins. Je me demande toujours ce que ma vie serait s&rsquo;il n&rsquo;\u00e9tait pas mort. J&rsquo;ai \u00e9crit sur la premi\u00e8re semaine sans Oscar. La douleur \u00e9tait immense, inimaginable, intransmissible par les mots. Cette exp\u00e9rience de la perte d&rsquo;un enfant est d&rsquo;une grande duret\u00e9, elle a profond\u00e9ment chang\u00e9 ma fa\u00e7on de voir le monde, d&rsquo;envisager ma vie, j&rsquo;ai failli arr\u00eater mon m\u00e9tier. <\/p>\n\n\n\n<p>Je n&rsquo;ai pas pris un seul jour de cong\u00e9s pour affronter \u00e7a, j&rsquo;ai travaill\u00e9. Je l&rsquo;affirme, c&rsquo;\u00e9tait une erreur. Il est difficile de bien soigner quand on a perdu un proche et encore plus un enfant. A cette p\u00e9riode j&rsquo;ai fait quelques mauvais choix de soins.  Il me semble important de donner du temps \u00e0 celui qui perd quelqu&rsquo;un de si particulier, un enfant. Pas forc\u00e9ment pour lui mais aussi pour ceux dont il va s&rsquo;occuper. Cette perte terrible obscurcit le jugement et il n&rsquo;est pas bon de laisser  des d\u00e9cisions importantes \u00e0 une personne bris\u00e9e par le deuil. Si j&rsquo;avais lu ces mots \u00e0 l&rsquo;\u00e9poque, j&rsquo;aurai dit: \u00ab\u00a0ce n&rsquo;est que des conneries, le travail me permet de tenir.\u00a0\u00bb Avec le temps, le recul, je me rends compte des erreurs que j&rsquo;ai commises et j&rsquo;en ai honte. Honte de ce machisme tr\u00e8s con, du je suis plus fort que la douleur, alors qu&rsquo;entre les consultants je pleurais, qu&rsquo;apr\u00e8s la visite je m&rsquo;enfermais dans mon bureau pour pleurer, que les nuits de garde je les passais debout \u00e0 errer dans le service. Il est important de passer la phase de sid\u00e9ration, ce moment o\u00f9 le vide s&rsquo;ouvre devant vous et o\u00f9 il n&rsquo;y a que du vide. J&rsquo;ai \u00e9crit sur le sujet. Je ne vais pas me r\u00e9p\u00e9ter. <\/p>\n\n\n\n<p>Apr\u00e8s cette longue introduction, pourquoi je retapote sur mon clavier ici? Le gouvernement fran\u00e7ais et le parti dominant ont pris la <a href=\"https:\/\/www.telerama.fr\/monde\/deuil-dun-enfant-pour-les-deputes-lrem,-un-conge-de-12-jours-penaliserait-lentreprise,n6598675.php?utm_medium=Social&amp;utm_source=Twitter#Echobox=1580393393\">d\u00e9cision de ne pas accorder plus de temps aux parents<\/a> qui ont \u00e0 faire face au deuil d&rsquo;un enfant mineur. Ce choix, \u00e9minemment politique et id\u00e9ologique est une agression d&rsquo;une tr\u00e8s grande violence. Je l&rsquo;ai re\u00e7u en plein visage comme un crochet du droit. J&rsquo;ai entendu la phrase que m&rsquo;avait dit le croque mort \u00ab\u00a0il est petit alors une petite place, ah ah ah \u00ab\u00a0. Oui ce retour \u00e0, c&rsquo;est pas bien grave, c&rsquo;est pas si grave, petits enfants petits soucis et toutes les conneries qui tra\u00eenent dans la t\u00eate de ceux qui ne le vivent pas, qui ne veulent m\u00eame pas l&rsquo;imaginer car c&rsquo;est insupportable la mort d&rsquo;un enfant. Mieux vaut nier la douleur que l&rsquo;imaginer de peur d&rsquo;\u00eatre submerger, l&#8217;empathie dans ces situations est rare. La violence de la d\u00e9cision de la majorit\u00e9 est immense pour moi l&rsquo;endeuill\u00e9. Ce choix de ne pas allonger la dur\u00e9e accord\u00e9e aux parents pour prendre un peu de temps en dit beaucoup sur l&rsquo;id\u00e9ologie qui sous tend ce parti. C&rsquo;est un r\u00e9v\u00e9lateur. Modifier l&rsquo;amendement pour faire que ce soit les coll\u00e8gues de travail qui puissent donner leurs RTT aux parents endeuill\u00e9s plut\u00f4t que de faire un peu plus participer l&rsquo;entreprise traduit la vision du monde de LREM. L&rsquo;individu n&rsquo;existe que comme vecteur de production, si il ne produit pas il sort du jeu, il est inutile, ce qui est important c&rsquo;est l&rsquo;entreprise, celle qui produit de la valeur et tout doit lui \u00eatre sacrifier. Je n&rsquo;ai rien contre l&rsquo;entreprise au contraire, je trouve \u00e7a bien d&rsquo;entreprendre. Je pense juste que ce n&rsquo;est pas tr\u00e8s judicieux de faire travailler quelqu&rsquo;un qui va mal pour l&rsquo;entreprise. Il vaut mieux lui accorder un peu de temps, un peu d&rsquo;humanit\u00e9. Je suis convaincu que le salari\u00e9 sera d&rsquo;autant plus efficace apr\u00e8s, plut\u00f4t que d&rsquo;\u00eatre maltrait\u00e9. J&rsquo;imagine que ces gens pensent que perdre un enfant c&rsquo;est \u00eatre un looser surtout si tu en souffre. LREM n&rsquo;aime pas la loose. Le m\u00e9canisme est ne parlons pas de la douleur comme \u00e7a elle n&rsquo;existe pas, et bien c&rsquo;est une grosse connerie comme raisonnement car tout ressort un jour ou l&rsquo;autre. <\/p>\n\n\n\n<p>Ce parti a fait un choix, ce choix soul\u00e8ve un toll\u00e9, le ministre parle d&rsquo;erreurs, d&rsquo;autres expliquent qu&rsquo;ils doivent suivre le parti et pas leurs sentiments, d&rsquo;autres argumentent sur l&rsquo;importance du travail pour \u00e9viter de se morfondre \u00e0 la maison, je vous en passe et des meilleures. Il est possible que le gouvernement r\u00e9trop\u00e9dale et les m\u00eames d\u00e9put\u00e9s qui ont vot\u00e9 contre voteront pour. C&rsquo;est beau le nouveau monde, comment croire que ce parti n&rsquo;est pas comme les autres, un mouvement qui veux juste le pouvoir et d\u00e9fendre une id\u00e9ologie qui avec ce choix ne sent pas tr\u00e8s bon. Ce parti n&rsquo;a rien d&rsquo;horizontal, il est d&rsquo;une verticalit\u00e9 on ne peut plus vertical, tout part du chef et les petites mains suivent. Le vrai visage des partis politiques est montr\u00e9 \u00e0 travers ces d\u00e9cisions qui engage l&rsquo;humain. La grandeur de l&rsquo;homme est de pouvoir se lever quand une d\u00e9cision inique lui est propos\u00e9 au del\u00e0 de ses engagements partisans. Les d\u00e9put\u00e9s LREM ont montr\u00e9 qu&rsquo;ils n&rsquo;\u00e9taient qu&rsquo;une chambre d&rsquo;enregistrement des lois propos\u00e9es par un gouvernement profond\u00e9ment id\u00e9ologue et qui n&rsquo;a rien de pragmatique. C&rsquo;est triste. J&rsquo;ai cru un moment que ce mouvement pouvait vraiment faire de la politique autrement avec humanit\u00e9 et discernement. Malheureusement, non. Ma d\u00e9ception est grande.<\/p>\n\n\n\n<p>Oscar, tu me manques terriblement, je suis triste. J&rsquo;aimerai tant pouvoir te serrer dans mes bras mon fils, comme je peux le faire avec tes s\u0153urs. Les ann\u00e9es passent, la douleur est moins vive mais il suffit de peu pour que ne remonte la violence de ta perte. <\/p>\n\n\n\n<p>Je t&rsquo;aime mon fils.<\/p>\n","protected":false},"excerpt":{"rendered":"<p>Je ne croyais plus \u00e9crire \u00e0 cette date anniversaire. Il y a plusieurs raisons qui ne concernent que moi et mes proches. Une d\u00e9cision politique me pousse encore \u00e0 reprendre le clavier. Il y a 17 ans mon fils est &hellip; <a href=\"https:\/\/perruchenautomne.eu\/wordpress\/2020\/02\/03\/tu-aurais-17-ans-mon-fils\/\">Continuer la lecture <span class=\"meta-nav\">&rarr;<\/span><\/a><\/p>\n","protected":false},"author":1,"featured_media":0,"comment_status":"open","ping_status":"open","sticky":false,"template":"","format":"standard","meta":{"jetpack_post_was_ever_published":false,"_jetpack_newsletter_access":"","_jetpack_dont_email_post_to_subs":false,"_jetpack_newsletter_tier_id":0,"_jetpack_memberships_contains_paywalled_content":false,"_jetpack_memberships_contains_paid_content":false,"footnotes":"","jetpack_publicize_message":"","jetpack_publicize_feature_enabled":true,"jetpack_social_post_already_shared":true,"jetpack_social_options":{"image_generator_settings":{"template":"highway","default_image_id":0,"font":"","enabled":false},"version":2}},"categories":[18],"tags":[2145,1584,375],"class_list":["post-5992","post","type-post","status-publish","format-standard","hentry","category-o","tag-lrem","tag-o","tag-politique"],"jetpack_publicize_connections":[],"jetpack_featured_media_url":"","jetpack_shortlink":"https:\/\/wp.me\/p1l1zM-1yE","jetpack_sharing_enabled":true,"jetpack-related-posts":[],"_links":{"self":[{"href":"https:\/\/perruchenautomne.eu\/wordpress\/wp-json\/wp\/v2\/posts\/5992","targetHints":{"allow":["GET"]}}],"collection":[{"href":"https:\/\/perruchenautomne.eu\/wordpress\/wp-json\/wp\/v2\/posts"}],"about":[{"href":"https:\/\/perruchenautomne.eu\/wordpress\/wp-json\/wp\/v2\/types\/post"}],"author":[{"embeddable":true,"href":"https:\/\/perruchenautomne.eu\/wordpress\/wp-json\/wp\/v2\/users\/1"}],"replies":[{"embeddable":true,"href":"https:\/\/perruchenautomne.eu\/wordpress\/wp-json\/wp\/v2\/comments?post=5992"}],"version-history":[{"count":4,"href":"https:\/\/perruchenautomne.eu\/wordpress\/wp-json\/wp\/v2\/posts\/5992\/revisions"}],"predecessor-version":[{"id":5996,"href":"https:\/\/perruchenautomne.eu\/wordpress\/wp-json\/wp\/v2\/posts\/5992\/revisions\/5996"}],"wp:attachment":[{"href":"https:\/\/perruchenautomne.eu\/wordpress\/wp-json\/wp\/v2\/media?parent=5992"}],"wp:term":[{"taxonomy":"category","embeddable":true,"href":"https:\/\/perruchenautomne.eu\/wordpress\/wp-json\/wp\/v2\/categories?post=5992"},{"taxonomy":"post_tag","embeddable":true,"href":"https:\/\/perruchenautomne.eu\/wordpress\/wp-json\/wp\/v2\/tags?post=5992"}],"curies":[{"name":"wp","href":"https:\/\/api.w.org\/{rel}","templated":true}]}}