{"id":5998,"date":"2020-03-30T20:54:23","date_gmt":"2020-03-30T19:54:23","guid":{"rendered":"https:\/\/perruchenautomne.eu\/wordpress\/?p=5998"},"modified":"2020-03-30T20:54:23","modified_gmt":"2020-03-30T19:54:23","slug":"protection","status":"publish","type":"post","link":"https:\/\/perruchenautomne.eu\/wordpress\/2020\/03\/30\/protection\/","title":{"rendered":"Protection"},"content":{"rendered":"\n<p>On m&rsquo;a gentiment demand\u00e9 d&rsquo;introduire des webinars sur le COVID-19 et le rein. Ils sont assez facile \u00e0 trouver sur le site de la SFNDT (<a href=\"https:\/\/amubox.univ-amu.fr\/s\/qsLQ8yCTkXiHec7\">le 1<\/a> et <a href=\"https:\/\/amubox.univ-amu.fr\/s\/BrRZMCmdErPYCtR\">le 2<\/a>). J&rsquo;ai du coup pas mal lu pendant quelques jours sur cette maladie. Je ne reviendrai pas sur ce que je raconte et le drame qu&rsquo;est l&rsquo;inflation informationnelle, avec malheureusement plus de bruit que de signal. Rien que sur ce sujet il y aura du travail pour pas mal de sociologues. Ce que j&rsquo;ai surtout retenu, c&rsquo;est qu&rsquo;il fallait prot\u00e9ger les soignants, car sans soignants pas de soin. Nous avions un certain sentiment de manque, qui n&rsquo;est pas compl\u00e8tement pass\u00e9, loin de l\u00e0  malheureusement. Le manque de mat\u00e9riel est un vrai soucis, si vous avez des saturom\u00e8tres et des manom\u00e8tres nous sommes preneurs, et je ne m&rsquo;\u00e9tendrais pas sur les vols. Devoir tout fermer, cacher en permanence, fait parti du cot\u00e9 usant de cette maladie pour nous qui ne sommes pas encore sous la vague. C&rsquo;est probablement un moindre mal. Cette maladie, par sa contagiosit\u00e9, g\u00e9n\u00e8re de l&rsquo;inqui\u00e9tude chez ceux qui vont s&rsquo;y exposer volontairement pour prendre soin des hommes et femmes malades.<\/p>\n\n\n\n<p>Je me demandais comment rassurer un peu les soignants du service en augmentant leur niveau de protection quand je suis tomb\u00e9 sur ce tweet de david Smadja, vendredi soir le 27 mars.<\/p>\n\n\n\n<blockquote class=\"twitter-tweet\"><p lang=\"fr\" dir=\"ltr\">Merci \u00e0 bertrand Tavitian <a href=\"https:\/\/twitter.com\/parcc_inserm?ref_src=twsrc%5Etfw\">@parcc_inserm<\/a> et son \u00e9quipe d avoir fabriqu\u00e9 des masques de protections gr\u00e2ce \u00e0 l&#39;impression 3D . Nos \u00e9quipes en h\u00e9matologie par\u00e9es pour ce week-end <a href=\"https:\/\/twitter.com\/HopitalPompidou?ref_src=twsrc%5Etfw\">@HopitalPompidou<\/a> <a href=\"https:\/\/twitter.com\/APHP?ref_src=twsrc%5Etfw\">@APHP<\/a> Tous unis face \u00e0 l&#39;\u00e9pid\u00e9mie <a href=\"https:\/\/twitter.com\/hashtag\/COVID19?src=hash&amp;ref_src=twsrc%5Etfw\">#COVID19<\/a> <a href=\"https:\/\/twitter.com\/hashtag\/RestezChezVous?src=hash&amp;ref_src=twsrc%5Etfw\">#RestezChezVous<\/a> <a href=\"https:\/\/t.co\/TVEz73SXTB\">https:\/\/t.co\/TVEz73SXTB<\/a> <a href=\"https:\/\/t.co\/xjvdD9OC7d\">pic.twitter.com\/xjvdD9OC7d<\/a><\/p>&mdash; David Smadja (@DavidMSmadja) <a href=\"https:\/\/twitter.com\/DavidMSmadja\/status\/1243604743118782465?ref_src=twsrc%5Etfw\">March 27, 2020<\/a><\/blockquote> <script async src=\"https:\/\/platform.twitter.com\/widgets.js\" charset=\"utf-8\"><\/script> \n\n\n\n<p>Je vais sur le <a href=\"http:\/\/3d4care.org\/\">site d\u00e9di\u00e9 \u00e0 ce projet<\/a>. Je trouve l&rsquo;id\u00e9e tr\u00e8s int\u00e9ressante pour prot\u00e9ger des gouttelettes qui transmettent le virus l&rsquo;ensemble du visage des personnels et aussi limiter l&rsquo;exposition du masque \u00e0 ces m\u00eames gouttelettes infectieuses, surtout lors de proc\u00e9dure proche du patient comme le branchement et le d\u00e9branchement du patient en dialyse. Nous pourrons probablement r\u00e9duire la consommation de FFP2. Je me suis dit que ma chouette universit\u00e9 devait pouvoir produire ce genre de choses. J&rsquo;envoie donc un tweet en remerciant par avance le pr\u00e9sident Berton.<\/p>\n\n\n\n<blockquote class=\"twitter-tweet\"><p lang=\"fr\" dir=\"ltr\">Si sur <a href=\"https:\/\/twitter.com\/univamu?ref_src=twsrc%5Etfw\">@univamu<\/a> quelqu&#39;un pourrait nous faire \u00e7a ce serait supercool. On en a besoin pour nos soignants dans l&#39;unit\u00e9 covid. Merci d&#39;avance <a href=\"https:\/\/twitter.com\/Eric__Berton?ref_src=twsrc%5Etfw\">@Eric__Berton<\/a> <a href=\"https:\/\/t.co\/xntu7TBlzN\">https:\/\/t.co\/xntu7TBlzN<\/a><\/p>&mdash; St\u00e9phane Burtey (@SBurtey) <a href=\"https:\/\/twitter.com\/SBurtey\/status\/1243607154688495618?ref_src=twsrc%5Etfw\">March 27, 2020<\/a><\/blockquote> <script async src=\"https:\/\/platform.twitter.com\/widgets.js\" charset=\"utf-8\"><\/script> \n\n\n\n<p>Et l\u00e0 miracle des r\u00e9seaux sociaux, j&rsquo;ai une r\u00e9ponse rapide, tr\u00e8s rapide.<\/p>\n\n\n\n<blockquote class=\"twitter-tweet\"><p lang=\"fr\" dir=\"ltr\">Pouvez vous m envoyer votre num\u00e9ro de portable sur mon mail. Stefan Enoch va coordonner la production. Il a besoin de conna\u00eetre les quantit\u00e9s.<\/p>&mdash; Eric Berton (@Eric__Berton) <a href=\"https:\/\/twitter.com\/Eric__Berton\/status\/1243625339324112898?ref_src=twsrc%5Etfw\">March 27, 2020<\/a><\/blockquote> <script async src=\"https:\/\/platform.twitter.com\/widgets.js\" charset=\"utf-8\"><\/script> \n\n\n\n<p>Et c&rsquo;est parti, \u00e9change de mails, coups de fil et d\u00e8s samedi soir,  Redha Abdeddaim m&rsquo;am\u00e8ne les premiers prototypes imprim\u00e9s en 3D. On discute du design, de la forme, et dimanche soir de nouveaux prototypes, on arrive \u00e0 un produit diff\u00e9rent de l&rsquo;original qui est deux fois plus l\u00e9ger et qui surtout fixe mieux la feuille protectrice. J&rsquo;ai en plus une dizaine d&rsquo;exemplaire du mod\u00e8le de base qui va pouvoir \u00eatre d\u00e9ploy\u00e9 d\u00e8s lundi dans notre unit\u00e9 COVID. Et d\u00e8s aujourd&rsquo;hui les infirmi\u00e8res du service ont pu tester ce nouveau produit. <\/p>\n\n\n\n<figure class=\"wp-block-image\"><img loading=\"lazy\" decoding=\"async\" width=\"1024\" height=\"768\" src=\"https:\/\/perruchenautomne.eu\/wordpress\/wp-content\/uploads\/2020\/03\/IMG-20200330-WA0000-1024x768.jpg\" alt=\"\" class=\"wp-image-6002\" srcset=\"https:\/\/perruchenautomne.eu\/wordpress\/wp-content\/uploads\/2020\/03\/IMG-20200330-WA0000-1024x768.jpg 1024w, https:\/\/perruchenautomne.eu\/wordpress\/wp-content\/uploads\/2020\/03\/IMG-20200330-WA0000-300x225.jpg 300w, https:\/\/perruchenautomne.eu\/wordpress\/wp-content\/uploads\/2020\/03\/IMG-20200330-WA0000-768x576.jpg 768w, https:\/\/perruchenautomne.eu\/wordpress\/wp-content\/uploads\/2020\/03\/IMG-20200330-WA0000.jpg 1600w\" sizes=\"auto, (max-width: 1024px) 100vw, 1024px\" \/><\/figure>\n\n\n\n<p>Le retour est tr\u00e8s bon surtout avec le nouveau design. Je suis tr\u00e8s fier de mon universit\u00e9 et de la r\u00e9activit\u00e9 des hommes qui la composent. Les r\u00e9seaux sociaux peuvent \u00eatre utiles pour fluidifier les dialogues et les \u00e9changes, c&rsquo;est \u00e7a l&rsquo;origine de l&rsquo;internet, partager pour rendre le monde un peu meilleur et ici le soin un peu plus sur.<\/p>\n\n\n\n<figure class=\"wp-block-image\"><img loading=\"lazy\" decoding=\"async\" width=\"1024\" height=\"933\" src=\"https:\/\/perruchenautomne.eu\/wordpress\/wp-content\/uploads\/2020\/03\/20200330_162657-1-1024x933.jpg\" alt=\"\" class=\"wp-image-6004\" srcset=\"https:\/\/perruchenautomne.eu\/wordpress\/wp-content\/uploads\/2020\/03\/20200330_162657-1-1024x933.jpg 1024w, https:\/\/perruchenautomne.eu\/wordpress\/wp-content\/uploads\/2020\/03\/20200330_162657-1-300x273.jpg 300w, https:\/\/perruchenautomne.eu\/wordpress\/wp-content\/uploads\/2020\/03\/20200330_162657-1-768x700.jpg 768w\" sizes=\"auto, (max-width: 1024px) 100vw, 1024px\" \/><figcaption>La nouvelle visi\u00e8re AMU<\/figcaption><\/figure>\n\n\n\n<figure class=\"wp-block-image\"><img loading=\"lazy\" decoding=\"async\" width=\"768\" height=\"1024\" src=\"https:\/\/perruchenautomne.eu\/wordpress\/wp-content\/uploads\/2020\/03\/20200330_162635-768x1024.jpg\" alt=\"\" class=\"wp-image-6005\" srcset=\"https:\/\/perruchenautomne.eu\/wordpress\/wp-content\/uploads\/2020\/03\/20200330_162635-768x1024.jpg 768w, https:\/\/perruchenautomne.eu\/wordpress\/wp-content\/uploads\/2020\/03\/20200330_162635-225x300.jpg 225w\" sizes=\"auto, (max-width: 768px) 100vw, 768px\" \/><figcaption>Le petit plus tr\u00e8s pratique pour bien fixer la feuille.<\/figcaption><\/figure>\n\n\n\n<p>Les institutions vont maintenant s&#8217;emparer de la production et de la diffusion. En 3 jours arriver de la demande au produit final, c&rsquo;est vraiment tr\u00e8s chouette. L&rsquo;impression 3D et l&rsquo;ing\u00e9niosit\u00e9 humaine sont deux choses qui m&rsquo;\u00e9patent. Merci \u00e0 tous les intervenants que j&rsquo;ai d\u00e9j\u00e0 cit\u00e9, le pr\u00e9sident Berton, Stefan Enoch, mon d\u00e9panneur de luxe \u00e0 l&rsquo;\u00e9coute de nos demandes, Redha Abdeddaim et tous ceux que je ne connais pas sans qui ce beau projet n&rsquo;aurait pas vu le jour sur AMU. C&rsquo;est une belle histoire et j&rsquo;esp\u00e8re que nous allons pouvoir continuer \u00e0 travailler sur de nouveaux projets entre les diff\u00e9rentes composantes d&rsquo;AMU.<\/p>\n","protected":false},"excerpt":{"rendered":"<p>On m&rsquo;a gentiment demand\u00e9 d&rsquo;introduire des webinars sur le COVID-19 et le rein. Ils sont assez facile \u00e0 trouver sur le site de la SFNDT (le 1 et le 2). J&rsquo;ai du coup pas mal lu pendant quelques jours sur &hellip; <a href=\"https:\/\/perruchenautomne.eu\/wordpress\/2020\/03\/30\/protection\/\">Continuer la lecture <span class=\"meta-nav\">&rarr;<\/span><\/a><\/p>\n","protected":false},"author":1,"featured_media":0,"comment_status":"open","ping_status":"open","sticky":false,"template":"","format":"standard","meta":{"jetpack_post_was_ever_published":false,"_jetpack_newsletter_access":"","_jetpack_dont_email_post_to_subs":false,"_jetpack_newsletter_tier_id":0,"_jetpack_memberships_contains_paywalled_content":false,"_jetpack_memberships_contains_paid_content":false,"footnotes":"","jetpack_publicize_message":"","jetpack_publicize_feature_enabled":true,"jetpack_social_post_already_shared":true,"jetpack_social_options":{"image_generator_settings":{"template":"highway","default_image_id":0,"font":"","enabled":false},"version":2}},"categories":[1],"tags":[],"class_list":["post-5998","post","type-post","status-publish","format-standard","hentry","category-non-classe"],"jetpack_publicize_connections":[],"jetpack_featured_media_url":"","jetpack_shortlink":"https:\/\/wp.me\/p1l1zM-1yK","jetpack_sharing_enabled":true,"jetpack-related-posts":[],"_links":{"self":[{"href":"https:\/\/perruchenautomne.eu\/wordpress\/wp-json\/wp\/v2\/posts\/5998","targetHints":{"allow":["GET"]}}],"collection":[{"href":"https:\/\/perruchenautomne.eu\/wordpress\/wp-json\/wp\/v2\/posts"}],"about":[{"href":"https:\/\/perruchenautomne.eu\/wordpress\/wp-json\/wp\/v2\/types\/post"}],"author":[{"embeddable":true,"href":"https:\/\/perruchenautomne.eu\/wordpress\/wp-json\/wp\/v2\/users\/1"}],"replies":[{"embeddable":true,"href":"https:\/\/perruchenautomne.eu\/wordpress\/wp-json\/wp\/v2\/comments?post=5998"}],"version-history":[{"count":4,"href":"https:\/\/perruchenautomne.eu\/wordpress\/wp-json\/wp\/v2\/posts\/5998\/revisions"}],"predecessor-version":[{"id":6006,"href":"https:\/\/perruchenautomne.eu\/wordpress\/wp-json\/wp\/v2\/posts\/5998\/revisions\/6006"}],"wp:attachment":[{"href":"https:\/\/perruchenautomne.eu\/wordpress\/wp-json\/wp\/v2\/media?parent=5998"}],"wp:term":[{"taxonomy":"category","embeddable":true,"href":"https:\/\/perruchenautomne.eu\/wordpress\/wp-json\/wp\/v2\/categories?post=5998"},{"taxonomy":"post_tag","embeddable":true,"href":"https:\/\/perruchenautomne.eu\/wordpress\/wp-json\/wp\/v2\/tags?post=5998"}],"curies":[{"name":"wp","href":"https:\/\/api.w.org\/{rel}","templated":true}]}}