{"id":6163,"date":"2021-02-03T18:18:00","date_gmt":"2021-02-03T17:18:00","guid":{"rendered":"https:\/\/perruchenautomne.eu\/wordpress\/?p=6163"},"modified":"2021-02-02T17:34:41","modified_gmt":"2021-02-02T16:34:41","slug":"o-18-ans","status":"publish","type":"post","link":"https:\/\/perruchenautomne.eu\/wordpress\/2021\/02\/03\/o-18-ans\/","title":{"rendered":"O. 18 ans"},"content":{"rendered":"\n<div class=\"wp-block-image\"><figure class=\"aligncenter size-large\"><a href=\"https:\/\/perruchenautomne.eu\/wordpress\/wp-content\/uploads\/2021\/01\/oscar_plaque.jpg\"><img loading=\"lazy\" decoding=\"async\" width=\"283\" height=\"281\" src=\"https:\/\/perruchenautomne.eu\/wordpress\/wp-content\/uploads\/2021\/01\/oscar_plaque.jpg\" alt=\"\" class=\"wp-image-6164\" srcset=\"https:\/\/perruchenautomne.eu\/wordpress\/wp-content\/uploads\/2021\/01\/oscar_plaque.jpg 283w, https:\/\/perruchenautomne.eu\/wordpress\/wp-content\/uploads\/2021\/01\/oscar_plaque-150x150.jpg 150w\" sizes=\"auto, (max-width: 283px) 100vw, 283px\" \/><\/a><\/figure><\/div>\n\n\n\n<div class=\"wp-block-image\"><figure class=\"aligncenter size-large\"><a href=\"https:\/\/perruchenautomne.eu\/wordpress\/wp-content\/uploads\/2021\/01\/calanque_o.jpg\"><img loading=\"lazy\" decoding=\"async\" width=\"404\" height=\"303\" src=\"https:\/\/perruchenautomne.eu\/wordpress\/wp-content\/uploads\/2021\/01\/calanque_o.jpg\" alt=\"\" class=\"wp-image-6166\" srcset=\"https:\/\/perruchenautomne.eu\/wordpress\/wp-content\/uploads\/2021\/01\/calanque_o.jpg 404w, https:\/\/perruchenautomne.eu\/wordpress\/wp-content\/uploads\/2021\/01\/calanque_o-300x225.jpg 300w\" sizes=\"auto, (max-width: 404px) 100vw, 404px\" \/><\/a><\/figure><\/div>\n\n\n\n<p>Blessure du manque, toujours l\u00e0, referm\u00e9e mais sensible. Oubli impossible et non d\u00e9sir\u00e9. Histoire toujours actuelle, \u00e9tir\u00e9e, pas assez de dits, trop d&rsquo;\u00e9crits. Crainte de la fermeture qui deviendrait trahison de l&rsquo;absence. Tristesse et joie. Lieux du Nord au Sud. 2003-2021. 5 s\u0153urs. La vie et la mort. Attendre que le temps passe. Bonheur du rire d&rsquo;un enfant. Le tien ne r\u00e9sonnera jamais. Manque de toi. Je pense \u00e0 toi mon fils absent \u00e9ternel qui m&rsquo;accompagne depuis 18 ans. <\/p>\n","protected":false},"excerpt":{"rendered":"<p>Blessure du manque, toujours l\u00e0, referm\u00e9e mais sensible. Oubli impossible et non d\u00e9sir\u00e9. Histoire toujours actuelle, \u00e9tir\u00e9e, pas assez de dits, trop d&rsquo;\u00e9crits. Crainte de la fermeture qui deviendrait trahison de l&rsquo;absence. Tristesse et joie. Lieux du Nord au Sud. &hellip; <a href=\"https:\/\/perruchenautomne.eu\/wordpress\/2021\/02\/03\/o-18-ans\/\">Continuer la lecture <span class=\"meta-nav\">&rarr;<\/span><\/a><\/p>\n","protected":false},"author":1,"featured_media":0,"comment_status":"closed","ping_status":"closed","sticky":false,"template":"","format":"standard","meta":{"jetpack_post_was_ever_published":false,"_jetpack_newsletter_access":"","_jetpack_dont_email_post_to_subs":false,"_jetpack_newsletter_tier_id":0,"_jetpack_memberships_contains_paywalled_content":false,"_jetpack_memberships_contains_paid_content":false,"footnotes":"","jetpack_publicize_message":"","jetpack_publicize_feature_enabled":true,"jetpack_social_post_already_shared":true,"jetpack_social_options":{"image_generator_settings":{"template":"highway","default_image_id":0,"font":"","enabled":false},"version":2}},"categories":[18],"tags":[],"class_list":["post-6163","post","type-post","status-publish","format-standard","hentry","category-o"],"jetpack_publicize_connections":[],"jetpack_featured_media_url":"","jetpack_shortlink":"https:\/\/wp.me\/p1l1zM-1Bp","jetpack_sharing_enabled":true,"jetpack-related-posts":[],"_links":{"self":[{"href":"https:\/\/perruchenautomne.eu\/wordpress\/wp-json\/wp\/v2\/posts\/6163","targetHints":{"allow":["GET"]}}],"collection":[{"href":"https:\/\/perruchenautomne.eu\/wordpress\/wp-json\/wp\/v2\/posts"}],"about":[{"href":"https:\/\/perruchenautomne.eu\/wordpress\/wp-json\/wp\/v2\/types\/post"}],"author":[{"embeddable":true,"href":"https:\/\/perruchenautomne.eu\/wordpress\/wp-json\/wp\/v2\/users\/1"}],"replies":[{"embeddable":true,"href":"https:\/\/perruchenautomne.eu\/wordpress\/wp-json\/wp\/v2\/comments?post=6163"}],"version-history":[{"count":7,"href":"https:\/\/perruchenautomne.eu\/wordpress\/wp-json\/wp\/v2\/posts\/6163\/revisions"}],"predecessor-version":[{"id":6173,"href":"https:\/\/perruchenautomne.eu\/wordpress\/wp-json\/wp\/v2\/posts\/6163\/revisions\/6173"}],"wp:attachment":[{"href":"https:\/\/perruchenautomne.eu\/wordpress\/wp-json\/wp\/v2\/media?parent=6163"}],"wp:term":[{"taxonomy":"category","embeddable":true,"href":"https:\/\/perruchenautomne.eu\/wordpress\/wp-json\/wp\/v2\/categories?post=6163"},{"taxonomy":"post_tag","embeddable":true,"href":"https:\/\/perruchenautomne.eu\/wordpress\/wp-json\/wp\/v2\/tags?post=6163"}],"curies":[{"name":"wp","href":"https:\/\/api.w.org\/{rel}","templated":true}]}}