{"id":618,"date":"2011-11-30T18:04:15","date_gmt":"2011-11-30T17:04:15","guid":{"rendered":"https:\/\/perruchenautomne.eu\/wordpress\/?p=618"},"modified":"2011-11-30T18:04:15","modified_gmt":"2011-11-30T17:04:15","slug":"cours-de-master-du-modele-animal-a-lessai-clinique-i","status":"publish","type":"post","link":"https:\/\/perruchenautomne.eu\/wordpress\/2011\/11\/30\/cours-de-master-du-modele-animal-a-lessai-clinique-i\/","title":{"rendered":"Cours de master: Du mod\u00e8le animal \u00e0 l&rsquo;essai clinique I"},"content":{"rendered":"<p>Mon mentor scientifique m&rsquo;a demand\u00e9 de faire deux cours de master 2 sur ce sujet.<\/p>\n<p>Il n&rsquo;y avais pas de m\u00e9decins dans l&rsquo;auditoire. J&rsquo;ai \u00e9t\u00e9 tr\u00e8s emb\u00eat\u00e9 pour faire ce cours. Je ne savais pas trop quoi mettre. J&rsquo;ai opt\u00e9 pour une introduction sur la notion de maladie, la mod\u00e9lisation de ces derni\u00e8res en recherche biom\u00e9dicale et enfin quelques plaques sur la vie du m\u00e9dicaments.<\/p>\n<p>J&rsquo;ai parl\u00e9 deux heures sur le sujet avec seulement une trentaine de diapositives <a href=\"https:\/\/perruchenautomne.eu\/pr%e9sentation\/Du%20mod%e8le%20animal%20%e0%20l%92essai%20clinique%20I.pdf\">(la pr\u00e9sentation est l\u00e0)<\/a>. Je suis vraiment bavard.<\/p>\n<p>Mon message fut surtout gardez votre esprit critique et ne gobez pas la communication (des chercheurs et des laboratoires pharmaceutiques) sans la faire passer par le filtre du doute.<\/p>\n<p>&nbsp;<\/p>\n","protected":false},"excerpt":{"rendered":"<p>Mon mentor scientifique m&rsquo;a demand\u00e9 de faire deux cours de master 2 sur ce sujet. Il n&rsquo;y avais pas de m\u00e9decins dans l&rsquo;auditoire. J&rsquo;ai \u00e9t\u00e9 tr\u00e8s emb\u00eat\u00e9 pour faire ce cours. Je ne savais pas trop quoi mettre. J&rsquo;ai opt\u00e9 &hellip; <a href=\"https:\/\/perruchenautomne.eu\/wordpress\/2011\/11\/30\/cours-de-master-du-modele-animal-a-lessai-clinique-i\/\">Continuer la lecture <span class=\"meta-nav\">&rarr;<\/span><\/a><\/p>\n","protected":false},"author":1,"featured_media":0,"comment_status":"open","ping_status":"open","sticky":false,"template":"","format":"standard","meta":{"jetpack_post_was_ever_published":false,"_jetpack_newsletter_access":"","_jetpack_dont_email_post_to_subs":false,"_jetpack_newsletter_tier_id":0,"_jetpack_memberships_contains_paywalled_content":false,"_jetpack_memberships_contains_paid_content":false,"footnotes":"","jetpack_publicize_message":"","jetpack_publicize_feature_enabled":true,"jetpack_social_post_already_shared":false,"jetpack_social_options":{"image_generator_settings":{"template":"highway","default_image_id":0,"font":"","enabled":false},"version":2}},"categories":[13,11,61],"tags":[303],"class_list":["post-618","post","type-post","status-publish","format-standard","hentry","category-medecine-2","category-medecine-humeur","category-science","tag-maladie-m2-modeles-animaux-recherche"],"jetpack_publicize_connections":[],"jetpack_featured_media_url":"","jetpack_shortlink":"https:\/\/wp.me\/p1l1zM-9Y","jetpack_sharing_enabled":true,"jetpack-related-posts":[],"_links":{"self":[{"href":"https:\/\/perruchenautomne.eu\/wordpress\/wp-json\/wp\/v2\/posts\/618","targetHints":{"allow":["GET"]}}],"collection":[{"href":"https:\/\/perruchenautomne.eu\/wordpress\/wp-json\/wp\/v2\/posts"}],"about":[{"href":"https:\/\/perruchenautomne.eu\/wordpress\/wp-json\/wp\/v2\/types\/post"}],"author":[{"embeddable":true,"href":"https:\/\/perruchenautomne.eu\/wordpress\/wp-json\/wp\/v2\/users\/1"}],"replies":[{"embeddable":true,"href":"https:\/\/perruchenautomne.eu\/wordpress\/wp-json\/wp\/v2\/comments?post=618"}],"version-history":[{"count":2,"href":"https:\/\/perruchenautomne.eu\/wordpress\/wp-json\/wp\/v2\/posts\/618\/revisions"}],"predecessor-version":[{"id":620,"href":"https:\/\/perruchenautomne.eu\/wordpress\/wp-json\/wp\/v2\/posts\/618\/revisions\/620"}],"wp:attachment":[{"href":"https:\/\/perruchenautomne.eu\/wordpress\/wp-json\/wp\/v2\/media?parent=618"}],"wp:term":[{"taxonomy":"category","embeddable":true,"href":"https:\/\/perruchenautomne.eu\/wordpress\/wp-json\/wp\/v2\/categories?post=618"},{"taxonomy":"post_tag","embeddable":true,"href":"https:\/\/perruchenautomne.eu\/wordpress\/wp-json\/wp\/v2\/tags?post=618"}],"curies":[{"name":"wp","href":"https:\/\/api.w.org\/{rel}","templated":true}]}}