{"id":6218,"date":"2021-12-30T17:19:13","date_gmt":"2021-12-30T16:19:13","guid":{"rendered":"https:\/\/perruchenautomne.eu\/wordpress\/?p=6218"},"modified":"2021-12-31T14:51:04","modified_gmt":"2021-12-31T13:51:04","slug":"deux-ans-et-une-cinquieme-vague","status":"publish","type":"post","link":"https:\/\/perruchenautomne.eu\/wordpress\/2021\/12\/30\/deux-ans-et-une-cinquieme-vague\/","title":{"rendered":"Deux ans et une Cinqui\u00e8me vague"},"content":{"rendered":"\n<p>La COVID-19 est dans sa cinqui\u00e8me saison en France, un feuilleton avec des \u00e9pisodes qui se ressemblent tous, seul le h\u00e9ros grec change. <\/p>\n\n\n\n<p>J&rsquo;aimerai souligner \u00e0 quel point cette maladie illustre la puissance de la biom\u00e9decine moderne. Il y a deux ans personne ne connaissait cette entit\u00e9 et nous avons maintenant son tableau clinique \u00e0 peu pr\u00e8s complet, des id\u00e9es sur la physiopathologie des formes graves. Nous avons am\u00e9lior\u00e9 la prise en charge des patients et surtout nous avons des vaccins et des anticorps monoclonaux contre la b\u00eate \u00e0 picots. Il n&rsquo;y a aucune pathologie dans l&rsquo;histoire humaine qui a \u00e9t\u00e9 aussi vite identifi\u00e9e et pour laquelle des approches th\u00e9rapeutiques ont pu \u00eatre aussi vite test\u00e9es avec un certains succ\u00e8s. La science est tr\u00e8s impressionnante quand on lui donne des moyens. Par contre, comme toujours en m\u00e9decine, nous avons un temps de retard. Il est difficile de pr\u00e9dire l&rsquo;\u00e9volution. L&rsquo;omicron est un bel exemple de la force de ce processus au c\u0153ur du vivant. Nous avons une belle preuve que l&rsquo;\u00e9volution n&rsquo;est pas une th\u00e9orie mais une r\u00e9alit\u00e9.<\/p>\n\n\n\n<p>Avec ce nouvel \u00e9pisode, nous revoyons les patients non vaccin\u00e9s ou qui n&rsquo;ont malheureusement pas r\u00e9pondu \u00e0 la vaccination \u00eatre hospitalis\u00e9s et aller en r\u00e9animation. Comme avec les autres, nous r\u00e9entendons les discussions sur l&rsquo;efficacit\u00e9 des mesures, nous revoyons la mobilisation dans les h\u00f4pitaux, les fermetures de lits pour d\u00e9gager du personnel, les internes qu&rsquo;on va envoyer faire du COVID plut\u00f4t que de se former \u00e0 leur m\u00e9tier, etc. Ce qui domine, immense lassitude. Nous sommes fatigu\u00e9s et je crains que nous ne finissions \u00e9puis\u00e9. Nous avions, au moment de la premi\u00e8re vague, v\u00e9cu un moment \u00e9tonnant, les m\u00e9decins avaient repris la main, car il fallait jouer avec l&rsquo;incertitude, ce qui est au c\u0153ur du processus de soin. L&rsquo;administration nous suivait, facilitant la lutte contre cette nouvelle maladie, c&rsquo;\u00e9tait un moment int\u00e9ressant, l&rsquo;impression que pour une fois on nous faisait confiance pour organiser la prise en charge au mieux. Nous tirions dans le m\u00eame sens. Il y avait quelque chose d&rsquo;\u00e9mouvant dans cette union et un message d&rsquo;espoir pour l&rsquo;avenir. <\/p>\n\n\n\n<p>Certains avaient esp\u00e9r\u00e9 que le politique avait compris que pour soigner il fallait des \u00eatres humains. Et puis, le business est revenu \u00ab\u00a0as usual\u00a0\u00bb. On nous a agit\u00e9 un hochet, le S\u00e9gur, et puis on a continu\u00e9 \u00e0 fermer des lits, \u00e0 rogner sur le personnel. La logique qui existe depuis 20 ans \u00e9tait de retour, moins d&rsquo;activit\u00e9 donc vous avez besoin de moins de personnel, et puis de toute fa\u00e7on il n&rsquo;y a plus d\u2019infirmi\u00e8res et d&rsquo;aides soignante, vous croyez quoi. D\u00e9brouillez vous, travaillez plus, bande de fain\u00e9ants. Le mantra de la rationalisation \u00e9tait de retour. On confondait encore le processus de soin avec une cha\u00eene de montage ou <a href=\"https:\/\/perruchenautomne.eu\/wordpress\/?p=2356\" data-type=\"post\" data-id=\"2356\">avec un avion<\/a>. Le temps du \u00ab\u00a0on vous fait confiance\u00a0\u00bb \u00e9tait \u00e9vanoui, le temps de la d\u00e9fiance \u00e9tait de retour. <\/p>\n\n\n\n<p>Les saisons du feuilleton COVID ont \u00e9puis\u00e9s de nombreuses personnes pour des raisons diverses et vari\u00e9es. Elles s&rsquo;en vont, elles quittent le boulot, elles vont faire autres choses ou travailler en cherchant des endroits moins maltraitants que l\u2019h\u00f4pital public. On nous serine l&rsquo;importance de la bienveillance et de la non malfaisance pour la prise en charge des patients. Ceci devrait s&rsquo;appliquer aussi aux personnels des h\u00f4pitaux publics, nous aimerions un peu de bienveillance et de confiance pour mettre en place des soins de qualit\u00e9s. Le soin demande du temps. Il faut donner du temps \u00e0 l&rsquo;autre, l&rsquo;homme ou la femme malade se plie mal \u00e0 la logique d&rsquo;un entrep\u00f4t Amazon. C&rsquo;est de l&rsquo;humain avec toute sa complexit\u00e9, ses comportements irrationnels et sa beaut\u00e9. Une consultation pour essayer de convaincre de faire un vaccin prend du temps si on veut bien la faire, elle demande de l&rsquo;\u00e9nergie, un peu de savoir faire, nous demander de faire toujours plus en moins de temps est irr\u00e9aliste. Nous sommes au maximum de ce que nous pouvons faire. La perte de sens est la pire des maladies qui puisse toucher le soignant. L&rsquo;impression de mal faire son travail est destructrice. Il est facile de prendre des d\u00e9cisions quand on est loin du patient, quand on n&rsquo;est pas confront\u00e9 \u00e0 la peur, \u00e0 l&rsquo;angoisse. Les soignants doivent faire face \u00e0 \u00e7a et encore plus en ces temps de COVID-19 qui tue. Nous demandons juste un peu de respect, un peu de confiance, le terrain a un savoir faire, il faut l&rsquo;\u00e9couter. Pour soigner des \u00eatres humains rien ne remplacera un autre \u00eatre humain, bien form\u00e9, en forme, \u00e0 qui on donne les coud\u00e9es franches pour exprimer son potentiel.<\/p>\n\n\n\n<p>Alors que nous voyons la vague g\u00e9ante d&rsquo;Omicron mont\u00e9e, mont\u00e9e, qu&rsquo;il n&rsquo;y a plus de place en r\u00e9animation, que nous jonglons avec les besoins en hospitalisation, j&rsquo;ai peur que le syst\u00e8me public ne survive pas. A la fatigue succ\u00e9dera l&rsquo;\u00e9puisement et je crains que nous ne nous en relevions pas. Je me demande  si ce n&rsquo;est pas l&rsquo;objectif. Pousser \u00e0 bout les soignants, pour finir d&rsquo;achever l\u2019h\u00f4pital public \u00e0 la fran\u00e7aise, syst\u00e8me loin d&rsquo;\u00eatre parfait mais qui n&rsquo;est pas si mauvais que \u00e7a. <\/p>\n\n\n\n<p>Bonne fin d&rsquo;ann\u00e9e quand m\u00eame.<\/p>\n","protected":false},"excerpt":{"rendered":"<p>La COVID-19 est dans sa cinqui\u00e8me saison en France, un feuilleton avec des \u00e9pisodes qui se ressemblent tous, seul le h\u00e9ros grec change. J&rsquo;aimerai souligner \u00e0 quel point cette maladie illustre la puissance de la biom\u00e9decine moderne. Il y a &hellip; <a href=\"https:\/\/perruchenautomne.eu\/wordpress\/2021\/12\/30\/deux-ans-et-une-cinquieme-vague\/\">Continuer la lecture <span class=\"meta-nav\">&rarr;<\/span><\/a><\/p>\n","protected":false},"author":1,"featured_media":0,"comment_status":"open","ping_status":"open","sticky":false,"template":"","format":"standard","meta":{"jetpack_post_was_ever_published":false,"_jetpack_newsletter_access":"","_jetpack_dont_email_post_to_subs":false,"_jetpack_newsletter_tier_id":0,"_jetpack_memberships_contains_paywalled_content":false,"_jetpack_memberships_contains_paid_content":false,"footnotes":"","jetpack_publicize_message":"","jetpack_publicize_feature_enabled":true,"jetpack_social_post_already_shared":true,"jetpack_social_options":{"image_generator_settings":{"template":"highway","default_image_id":0,"font":"","enabled":false},"version":2}},"categories":[11,1],"tags":[2163,1316],"class_list":["post-6218","post","type-post","status-publish","format-standard","hentry","category-medecine-humeur","category-non-classe","tag-covid-19","tag-hopital"],"jetpack_publicize_connections":[],"jetpack_featured_media_url":"","jetpack_shortlink":"https:\/\/wp.me\/p1l1zM-1Ci","jetpack_sharing_enabled":true,"jetpack-related-posts":[],"_links":{"self":[{"href":"https:\/\/perruchenautomne.eu\/wordpress\/wp-json\/wp\/v2\/posts\/6218","targetHints":{"allow":["GET"]}}],"collection":[{"href":"https:\/\/perruchenautomne.eu\/wordpress\/wp-json\/wp\/v2\/posts"}],"about":[{"href":"https:\/\/perruchenautomne.eu\/wordpress\/wp-json\/wp\/v2\/types\/post"}],"author":[{"embeddable":true,"href":"https:\/\/perruchenautomne.eu\/wordpress\/wp-json\/wp\/v2\/users\/1"}],"replies":[{"embeddable":true,"href":"https:\/\/perruchenautomne.eu\/wordpress\/wp-json\/wp\/v2\/comments?post=6218"}],"version-history":[{"count":5,"href":"https:\/\/perruchenautomne.eu\/wordpress\/wp-json\/wp\/v2\/posts\/6218\/revisions"}],"predecessor-version":[{"id":6234,"href":"https:\/\/perruchenautomne.eu\/wordpress\/wp-json\/wp\/v2\/posts\/6218\/revisions\/6234"}],"wp:attachment":[{"href":"https:\/\/perruchenautomne.eu\/wordpress\/wp-json\/wp\/v2\/media?parent=6218"}],"wp:term":[{"taxonomy":"category","embeddable":true,"href":"https:\/\/perruchenautomne.eu\/wordpress\/wp-json\/wp\/v2\/categories?post=6218"},{"taxonomy":"post_tag","embeddable":true,"href":"https:\/\/perruchenautomne.eu\/wordpress\/wp-json\/wp\/v2\/tags?post=6218"}],"curies":[{"name":"wp","href":"https:\/\/api.w.org\/{rel}","templated":true}]}}