{"id":6296,"date":"2023-02-13T18:58:00","date_gmt":"2023-02-13T17:58:00","guid":{"rendered":"https:\/\/perruchenautomne.eu\/wordpress\/?p=6296"},"modified":"2023-02-13T17:00:33","modified_gmt":"2023-02-13T16:00:33","slug":"livres-2023","status":"publish","type":"post","link":"https:\/\/perruchenautomne.eu\/wordpress\/2023\/02\/13\/livres-2023\/","title":{"rendered":"Livres 2023 A"},"content":{"rendered":"\n<p>La premi\u00e8re lecture fut \u00ab\u00a0Fantaisies gu\u00e9rill\u00e8res\u00a0\u00bb de Guillaume Lebrun. Un texte d&rsquo;une \u00e9criture tr\u00e8s originale et franchement int\u00e9ressante, il s&rsquo;agit d&rsquo;une relecture de la vie de Jeanne d&rsquo;Arc style h\u00e9ro\u00efque fantaisie. Il a une tr\u00e8s bonne id\u00e9e qu&rsquo;il exploite excellement avec un style qui apporte beaucoup \u00e0 cette histoire un peu folle d&rsquo;une pucelle qui finira sur un bucher. Je vous le conseille si vous aimez les OLNI.<\/p>\n\n\n\n<p>\u00ab\u00a0La petite lumi\u00e8re\u00a0\u00bb d&rsquo;Antonio Moresco, un court livre mais au combien magnifique, c&rsquo;est vraiment brillant, il y a une sensualit\u00e9 incroyable dans ce r\u00e9cit. La nature est d\u00e9crite de fa\u00e7on magique, il est rare d&rsquo;avoir le sentiment de touchez les arbres, de sentir la for\u00eat, d&rsquo;\u00eatre \u00e9bloui. Il y a une grande po\u00e9sie dans la rencontre onirique entre un homme et un enfant. J&rsquo;ai tr\u00e8s envie de me plonger dans l&rsquo;\u0153uvre de cet italien, une tr\u00e8s belle exp\u00e9rience et d\u00e9couverte. <\/p>\n\n\n\n<p>Un peu de science fiction cubaine avec \u00ab\u00a0Plan\u00e8te \u00e0 louer\u00a0\u00bb de Yoss. Comment parler de la situation politique et sociale d&rsquo;une dictature ? Le plus simple est de faire de votre ile une plan\u00e8te bien connue, la terre, et des dictateurs, des x\u00e9noesp\u00e8ces. C&rsquo;est tr\u00e8s bien \u00e9crit, les personnages sont  touchants. Ca parle de sexe, de drogues, de violence, de d\u00e9sespoir des scientifiques qui n&rsquo;ont rien pour travailler, d&rsquo;exil. Belle d\u00e9couverte que cet auteur m\u00e9talleux.<\/p>\n\n\n\n<p>\u00ab\u00a0Le proph\u00e8te et le vizir\u00a0\u00bb de Yves et Ada R\u00e9my, deux nouvelles sur le pourtour de la m\u00e9diterran\u00e9e, si vous aimez les contes et en particulier les milles et une nuits pourquoi pas sinon, vous pouvez passer votre chemin sans regret. <\/p>\n\n\n\n<p>\u00ab\u00a0L&rsquo;espion qui aimait les livres\u00a0\u00bb de John Le Carr\u00e9, que dire? Le derni\u00e8re livre du maitre espion est excellent, on commence et on ne le l\u00e2che plus jusqu&rsquo;au dernier point. Rien \u00e0 dire, des personnages parfaits, des dialogues cisel\u00e9s et la nostalgie \u00e0 tous les coins de rues. Une vision sans concession de ce qu&rsquo;est devenue la Grande Bretagne et ses services, un tr\u00e8s bon roman d&rsquo;espionnage so british.<\/p>\n\n\n\n<p>\u00ab\u00a0Petit trait\u00e9 bien cuit\u00a0\u00bb de Jean-pierre Ostende qui contrairement \u00e0 ce qu&rsquo;indique son nom est marseillais. Un court texte sur la cuisine et surtout ses acteurs principaux, les chefs, dr\u00f4le, lucide et parfois loufoque, un bon moment. J&rsquo;adh\u00e8re totalement \u00e0 l&rsquo;ode au Bouiboui, rien que pour \u00e7a vous pouvez le lire avant d&rsquo;aller d\u00e9couvrir un bouiboui. <\/p>\n\n\n\n<p>\u00ab\u00a0La m\u00e9moire de riz\u00a0\u00bb de Jean-Marie Blas de Robl\u00e8s, un recueil de nouvelles remarquable. De la tr\u00e8s bonne litt\u00e9rature, intelligent, cultiv\u00e9, parfois vous sourirez, d&rsquo;autres fois une larme viendra. Une rare combinaison entre \u00e9motion et logique, plus je lis du Blas de Robl\u00e8s, plus je me dis que c&rsquo;est un tr\u00e8s grand auteur. Vous pouvez en plus jouer \u00e0 essayer d&rsquo;identifier \u00e0 quel auteur vous fait penser la nouvelle. La nouvelle titre du recueil est terrible, une magnifique m\u00e9taphore sur notre monde, o\u00f9 la beaut\u00e9 mange le savoir avec d\u00e9lectation et nous laissons faire, jusqu&rsquo;\u00e0 la folie. J&rsquo;aime beaucoup cette phrase <em>\u00ab\u00a0Tout ce r\u00e9cit est vrai d&rsquo;un bout \u00e0 l&rsquo;autre &#8211; du moins dans la mesure o\u00f9 le fait de se souvenir, d&rsquo;\u00e9crire ou m\u00eame d&rsquo;exister ne nous transporte pas d\u00e9j\u00e0 dans l&rsquo;univers incertain de la fiction-&#8230;\u00a0\u00bb.<\/em> Je ne vous direz pas dans quelle nouvelle elle se trouve vous laissant le plaisir de le d\u00e9couvrir en lisant.<\/p>\n\n\n\n<p>\u00ab\u00a0Ici \u00e7a va\u00a0\u00bb de Thomas Vinau encore un court texte, de la po\u00e9sie en prose, une histoire de reconstruction. J&rsquo;aime beaucoup l&rsquo;\u00e9criture de thomas Vinau, des phrases courtes, travaill\u00e9es pour vous toucher, une \u00e9criture sans gras, \u00e0 l&rsquo;os et bourr\u00e9e de po\u00e9sie. Tout au long de la lecture, le bruit de la rivi\u00e8re vous accompagnera. Revenir sur les lieux de son enfance pour apaiser ses peurs, r\u00e9nover une maison pour retrouver le sommeil, explorer les vieilles malles \u00e0 la recherche de ses souvenirs. Une histoire de m\u00e9moire, d&rsquo;o\u00f9 j&rsquo;extrais cette phrase qui r\u00e9sume, peut \u00eatre, un des objectifs de la litt\u00e9rature: \u00ab\u00a0En rentrant je me suis dit que ce serait beau de pouvoir se pr\u00eater des souvenirs.\u00a0\u00bb Ce texte est un manifeste antir\u00e9silience du moins dans son acception manag\u00e9riale du terme. <\/p>\n\n\n\n<p>A ce propos, je vous conseille fortement le nouveau podcast de France culture, <a href=\"https:\/\/www.radiofrance.fr\/franceculture\/podcasts\/serie-en-quete-d-idees-saison-1-la-resilience\">En-qu\u00eate d&rsquo;id\u00e9es<\/a>. La premi\u00e8re s\u00e9rie de quatre \u00e9missions porte sur la r\u00e9silience, cette id\u00e9e qui d&rsquo;outil int\u00e9ressant pour comprendre certains comportements humains est devenue une injection \u00e0 la performance. Tout l&rsquo;int\u00e9r\u00eat et les limites du concept sont explor\u00e9s intelligemment pour que vous puissiez vous faire votre id\u00e9e. <\/p>\n","protected":false},"excerpt":{"rendered":"<p>La premi\u00e8re lecture fut \u00ab\u00a0Fantaisies gu\u00e9rill\u00e8res\u00a0\u00bb de Guillaume Lebrun. Un texte d&rsquo;une \u00e9criture tr\u00e8s originale et franchement int\u00e9ressante, il s&rsquo;agit d&rsquo;une relecture de la vie de Jeanne d&rsquo;Arc style h\u00e9ro\u00efque fantaisie. Il a une tr\u00e8s bonne id\u00e9e qu&rsquo;il exploite excellement &hellip; <a href=\"https:\/\/perruchenautomne.eu\/wordpress\/2023\/02\/13\/livres-2023\/\">Continuer la lecture <span class=\"meta-nav\">&rarr;<\/span><\/a><\/p>\n","protected":false},"author":1,"featured_media":0,"comment_status":"open","ping_status":"open","sticky":false,"template":"","format":"standard","meta":{"jetpack_post_was_ever_published":false,"_jetpack_newsletter_access":"","_jetpack_dont_email_post_to_subs":false,"_jetpack_newsletter_tier_id":0,"_jetpack_memberships_contains_paywalled_content":false,"_jetpack_memberships_contains_paid_content":false,"footnotes":"","jetpack_publicize_message":"","jetpack_publicize_feature_enabled":true,"jetpack_social_post_already_shared":true,"jetpack_social_options":{"image_generator_settings":{"template":"highway","default_image_id":0,"font":"","enabled":false},"version":2}},"categories":[34],"tags":[2195,2194,2188,2189,1847,2187,2192,2191],"class_list":["post-6296","post","type-post","status-publish","format-standard","hentry","category-litterature","tag-anotnio-moresco","tag-guillaume-lebrun","tag-jean-marie-blas-de-robles","tag-jean-pierre-ostende","tag-resilience","tag-thomas-vinau","tag-yoss","tag-yves-et-ada-remy"],"jetpack_publicize_connections":[],"jetpack_featured_media_url":"","jetpack_shortlink":"https:\/\/wp.me\/p1l1zM-1Dy","jetpack_sharing_enabled":true,"jetpack-related-posts":[],"_links":{"self":[{"href":"https:\/\/perruchenautomne.eu\/wordpress\/wp-json\/wp\/v2\/posts\/6296","targetHints":{"allow":["GET"]}}],"collection":[{"href":"https:\/\/perruchenautomne.eu\/wordpress\/wp-json\/wp\/v2\/posts"}],"about":[{"href":"https:\/\/perruchenautomne.eu\/wordpress\/wp-json\/wp\/v2\/types\/post"}],"author":[{"embeddable":true,"href":"https:\/\/perruchenautomne.eu\/wordpress\/wp-json\/wp\/v2\/users\/1"}],"replies":[{"embeddable":true,"href":"https:\/\/perruchenautomne.eu\/wordpress\/wp-json\/wp\/v2\/comments?post=6296"}],"version-history":[{"count":4,"href":"https:\/\/perruchenautomne.eu\/wordpress\/wp-json\/wp\/v2\/posts\/6296\/revisions"}],"predecessor-version":[{"id":6300,"href":"https:\/\/perruchenautomne.eu\/wordpress\/wp-json\/wp\/v2\/posts\/6296\/revisions\/6300"}],"wp:attachment":[{"href":"https:\/\/perruchenautomne.eu\/wordpress\/wp-json\/wp\/v2\/media?parent=6296"}],"wp:term":[{"taxonomy":"category","embeddable":true,"href":"https:\/\/perruchenautomne.eu\/wordpress\/wp-json\/wp\/v2\/categories?post=6296"},{"taxonomy":"post_tag","embeddable":true,"href":"https:\/\/perruchenautomne.eu\/wordpress\/wp-json\/wp\/v2\/tags?post=6296"}],"curies":[{"name":"wp","href":"https:\/\/api.w.org\/{rel}","templated":true}]}}