{"id":6356,"date":"2023-02-22T06:15:54","date_gmt":"2023-02-22T05:15:54","guid":{"rendered":"https:\/\/perruchenautomne.eu\/wordpress\/?p=6356"},"modified":"2023-03-03T05:42:59","modified_gmt":"2023-03-03T04:42:59","slug":"precarite-et-mortalite-car-la-sante-nest-pas-quun-probleme-medical","status":"publish","type":"post","link":"https:\/\/perruchenautomne.eu\/wordpress\/2023\/02\/22\/precarite-et-mortalite-car-la-sante-nest-pas-quun-probleme-medical\/","title":{"rendered":"Pr\u00e9carit\u00e9 et mortalit\u00e9, car la sant\u00e9 n&rsquo;est pas qu&rsquo;un probl\u00e8me m\u00e9dical"},"content":{"rendered":"\n<p>Cet <a href=\"https:\/\/jamanetwork.com\/journals\/jama\/fullarticle\/2801679?guestAccessKey=8533d4b0-c24a-475c-b2d1-39189328cd8c&amp;utm_source=silverchair&amp;utm_medium=email&amp;utm_campaign=article_alert-jama&amp;utm_content=etoc&amp;utm_term=022123\">article<\/a> montre qu&rsquo;avoir un faible revenu horaire et une situation professionnelle pr\u00e9caire \u00e0 partir de 53 ans est associ\u00e9 \u00e0 une augmentation significative de la mortalit\u00e9. Ce papier confirme que la situation socio-\u00e9conomique a un impact sur la sant\u00e9, il s&rsquo;agit d&rsquo;association et pas de causalit\u00e9. Si le but de la soci\u00e9t\u00e9 est d&rsquo;am\u00e9liorer la survie de tous il serait utile de tester l&rsquo;effet du salaire minimum et surtout d&rsquo;une r\u00e9duction de la pr\u00e9carit\u00e9 professionnelle par un essai randomis\u00e9. Le detricotage de certains acquis sociaux en France permettra peut-\u00eatre de r\u00e9pondre \u00e0 la question. Dans le d\u00e9bat actuel sur les retraites, c&rsquo;est un article int\u00e9ressant.<\/p>\n\n\n\n<figure class=\"wp-block-image size-large\"><img loading=\"lazy\" decoding=\"async\" width=\"1024\" height=\"564\" src=\"https:\/\/perruchenautomne.eu\/wordpress\/wp-content\/uploads\/2023\/02\/joi230004f2_1676478931.09452-1024x564.png\" alt=\"\" class=\"wp-image-6357\" srcset=\"https:\/\/perruchenautomne.eu\/wordpress\/wp-content\/uploads\/2023\/02\/joi230004f2_1676478931.09452-1024x564.png 1024w, https:\/\/perruchenautomne.eu\/wordpress\/wp-content\/uploads\/2023\/02\/joi230004f2_1676478931.09452-300x165.png 300w, https:\/\/perruchenautomne.eu\/wordpress\/wp-content\/uploads\/2023\/02\/joi230004f2_1676478931.09452-768x423.png 768w, https:\/\/perruchenautomne.eu\/wordpress\/wp-content\/uploads\/2023\/02\/joi230004f2_1676478931.09452-1536x846.png 1536w, https:\/\/perruchenautomne.eu\/wordpress\/wp-content\/uploads\/2023\/02\/joi230004f2_1676478931.09452.png 1952w\" sizes=\"auto, (max-width: 1024px) 100vw, 1024px\" \/><\/figure>\n","protected":false},"excerpt":{"rendered":"<p>Cet article montre qu&rsquo;avoir un faible revenu horaire et une situation professionnelle pr\u00e9caire \u00e0 partir de 53 ans est associ\u00e9 \u00e0 une augmentation significative de la mortalit\u00e9. Ce papier confirme que la situation socio-\u00e9conomique a un impact sur la sant\u00e9, &hellip; <a href=\"https:\/\/perruchenautomne.eu\/wordpress\/2023\/02\/22\/precarite-et-mortalite-car-la-sante-nest-pas-quun-probleme-medical\/\">Continuer la lecture <span class=\"meta-nav\">&rarr;<\/span><\/a><\/p>\n","protected":false},"author":1,"featured_media":0,"comment_status":"open","ping_status":"open","sticky":false,"template":"","format":"standard","meta":{"jetpack_post_was_ever_published":false,"_jetpack_newsletter_access":"","_jetpack_dont_email_post_to_subs":false,"_jetpack_newsletter_tier_id":0,"_jetpack_memberships_contains_paywalled_content":false,"_jetpack_memberships_contains_paid_content":false,"footnotes":"","jetpack_publicize_message":"","jetpack_publicize_feature_enabled":true,"jetpack_social_post_already_shared":true,"jetpack_social_options":{"image_generator_settings":{"template":"highway","default_image_id":0,"font":"","enabled":false},"version":2}},"categories":[13],"tags":[425,2243,2244],"class_list":["post-6356","post","type-post","status-publish","format-standard","hentry","category-medecine-2","tag-mortalite","tag-precarite","tag-revenu"],"jetpack_publicize_connections":[],"jetpack_featured_media_url":"","jetpack_shortlink":"https:\/\/wp.me\/p1l1zM-1Ew","jetpack_sharing_enabled":true,"jetpack-related-posts":[],"_links":{"self":[{"href":"https:\/\/perruchenautomne.eu\/wordpress\/wp-json\/wp\/v2\/posts\/6356","targetHints":{"allow":["GET"]}}],"collection":[{"href":"https:\/\/perruchenautomne.eu\/wordpress\/wp-json\/wp\/v2\/posts"}],"about":[{"href":"https:\/\/perruchenautomne.eu\/wordpress\/wp-json\/wp\/v2\/types\/post"}],"author":[{"embeddable":true,"href":"https:\/\/perruchenautomne.eu\/wordpress\/wp-json\/wp\/v2\/users\/1"}],"replies":[{"embeddable":true,"href":"https:\/\/perruchenautomne.eu\/wordpress\/wp-json\/wp\/v2\/comments?post=6356"}],"version-history":[{"count":2,"href":"https:\/\/perruchenautomne.eu\/wordpress\/wp-json\/wp\/v2\/posts\/6356\/revisions"}],"predecessor-version":[{"id":6406,"href":"https:\/\/perruchenautomne.eu\/wordpress\/wp-json\/wp\/v2\/posts\/6356\/revisions\/6406"}],"wp:attachment":[{"href":"https:\/\/perruchenautomne.eu\/wordpress\/wp-json\/wp\/v2\/media?parent=6356"}],"wp:term":[{"taxonomy":"category","embeddable":true,"href":"https:\/\/perruchenautomne.eu\/wordpress\/wp-json\/wp\/v2\/categories?post=6356"},{"taxonomy":"post_tag","embeddable":true,"href":"https:\/\/perruchenautomne.eu\/wordpress\/wp-json\/wp\/v2\/tags?post=6356"}],"curies":[{"name":"wp","href":"https:\/\/api.w.org\/{rel}","templated":true}]}}