{"id":6441,"date":"2023-03-07T20:37:43","date_gmt":"2023-03-07T19:37:43","guid":{"rendered":"https:\/\/perruchenautomne.eu\/wordpress\/?p=6441"},"modified":"2023-03-07T20:37:48","modified_gmt":"2023-03-07T19:37:48","slug":"poeme-du-jour","status":"publish","type":"post","link":"https:\/\/perruchenautomne.eu\/wordpress\/2023\/03\/07\/poeme-du-jour\/","title":{"rendered":"Po\u00e8me du jour"},"content":{"rendered":"\n<p>Passage Pi\u00e9ton<\/p>\n\n\n\n<p>Et le ciel et la pluie<br>Et le short d\u00e9chir\u00e9 d&rsquo;un enfant<br>Qui traverse la rue sans regarder<br>Il ne sera pas renvers\u00e9 devant nous<br>Aujourd&rsquo;hui<br>Pourtant tous les jours il traversera sans regarder<br>Peut-\u00eatre que toute sa vie d&rsquo;enfant<br>Sera entour\u00e9e de la parenth\u00e8se protectrice de <br>L&rsquo;ignorance des dangers<br>Mais il suffira d&rsquo;une fois<br>Pour que le po\u00e8me s&rsquo;arr\u00eate.<\/p>\n\n\n\n<p>Arthur Navellou<\/p>\n","protected":false},"excerpt":{"rendered":"<p>Passage Pi\u00e9ton Et le ciel et la pluieEt le short d\u00e9chir\u00e9 d&rsquo;un enfantQui traverse la rue sans regarderIl ne sera pas renvers\u00e9 devant nousAujourd&rsquo;huiPourtant tous les jours il traversera sans regarderPeut-\u00eatre que toute sa vie d&rsquo;enfantSera entour\u00e9e de la parenth\u00e8se &hellip; <a href=\"https:\/\/perruchenautomne.eu\/wordpress\/2023\/03\/07\/poeme-du-jour\/\">Continuer la lecture <span class=\"meta-nav\">&rarr;<\/span><\/a><\/p>\n","protected":false},"author":1,"featured_media":0,"comment_status":"open","ping_status":"open","sticky":false,"template":"","format":"standard","meta":{"jetpack_post_was_ever_published":false,"_jetpack_newsletter_access":"","_jetpack_dont_email_post_to_subs":false,"_jetpack_newsletter_tier_id":0,"_jetpack_memberships_contains_paywalled_content":false,"_jetpack_memberships_contains_paid_content":false,"footnotes":"","jetpack_publicize_message":"","jetpack_publicize_feature_enabled":true,"jetpack_social_post_already_shared":true,"jetpack_social_options":{"image_generator_settings":{"template":"highway","default_image_id":0,"font":"","enabled":false},"version":2}},"categories":[2266],"tags":[2267,1723,534],"class_list":["post-6441","post","type-post","status-publish","format-standard","hentry","category-poesie","tag-arthur-navellou","tag-danger","tag-enfant"],"jetpack_publicize_connections":[],"jetpack_featured_media_url":"","jetpack_shortlink":"https:\/\/wp.me\/p1l1zM-1FT","jetpack_sharing_enabled":true,"jetpack-related-posts":[],"_links":{"self":[{"href":"https:\/\/perruchenautomne.eu\/wordpress\/wp-json\/wp\/v2\/posts\/6441","targetHints":{"allow":["GET"]}}],"collection":[{"href":"https:\/\/perruchenautomne.eu\/wordpress\/wp-json\/wp\/v2\/posts"}],"about":[{"href":"https:\/\/perruchenautomne.eu\/wordpress\/wp-json\/wp\/v2\/types\/post"}],"author":[{"embeddable":true,"href":"https:\/\/perruchenautomne.eu\/wordpress\/wp-json\/wp\/v2\/users\/1"}],"replies":[{"embeddable":true,"href":"https:\/\/perruchenautomne.eu\/wordpress\/wp-json\/wp\/v2\/comments?post=6441"}],"version-history":[{"count":1,"href":"https:\/\/perruchenautomne.eu\/wordpress\/wp-json\/wp\/v2\/posts\/6441\/revisions"}],"predecessor-version":[{"id":6442,"href":"https:\/\/perruchenautomne.eu\/wordpress\/wp-json\/wp\/v2\/posts\/6441\/revisions\/6442"}],"wp:attachment":[{"href":"https:\/\/perruchenautomne.eu\/wordpress\/wp-json\/wp\/v2\/media?parent=6441"}],"wp:term":[{"taxonomy":"category","embeddable":true,"href":"https:\/\/perruchenautomne.eu\/wordpress\/wp-json\/wp\/v2\/categories?post=6441"},{"taxonomy":"post_tag","embeddable":true,"href":"https:\/\/perruchenautomne.eu\/wordpress\/wp-json\/wp\/v2\/tags?post=6441"}],"curies":[{"name":"wp","href":"https:\/\/api.w.org\/{rel}","templated":true}]}}