{"id":6468,"date":"2023-03-10T19:47:43","date_gmt":"2023-03-10T18:47:43","guid":{"rendered":"https:\/\/perruchenautomne.eu\/wordpress\/?p=6468"},"modified":"2023-03-10T19:47:43","modified_gmt":"2023-03-10T18:47:43","slug":"cest-quoi-la-justice","status":"publish","type":"post","link":"https:\/\/perruchenautomne.eu\/wordpress\/2023\/03\/10\/cest-quoi-la-justice\/","title":{"rendered":"C&rsquo;est quoi la justice?"},"content":{"rendered":"\n<p>La premi\u00e8re saison porte sur une affaire d&rsquo;infanticides bien particuli\u00e8re. Ce podcast qui explore la d\u00e9fense d&rsquo;une femme que certains peuvent juger ind\u00e9fendable est une magnifique illustration de ce que c&rsquo;est la justice. Au terme de l&rsquo;\u00e9coute, je me dit qu&rsquo;on aurait plut\u00f4t du appeler cette \u00e9mission m\u00e9caniques de l&rsquo;humanit\u00e9. <a href=\"https:\/\/www.radiofrance.fr\/franceculture\/podcasts\/mecaniques-de-la-justice\">https:\/\/www.radiofrance.fr\/franceculture\/podcasts\/mecaniques-de-la-justice<\/a><\/p>\n","protected":false},"excerpt":{"rendered":"<p>La premi\u00e8re saison porte sur une affaire d&rsquo;infanticides bien particuli\u00e8re. Ce podcast qui explore la d\u00e9fense d&rsquo;une femme que certains peuvent juger ind\u00e9fendable est une magnifique illustration de ce que c&rsquo;est la justice. Au terme de l&rsquo;\u00e9coute, je me dit &hellip; <a href=\"https:\/\/perruchenautomne.eu\/wordpress\/2023\/03\/10\/cest-quoi-la-justice\/\">Continuer la lecture <span class=\"meta-nav\">&rarr;<\/span><\/a><\/p>\n","protected":false},"author":1,"featured_media":0,"comment_status":"open","ping_status":"open","sticky":false,"template":"","format":"standard","meta":{"jetpack_post_was_ever_published":false,"_jetpack_newsletter_access":"","_jetpack_dont_email_post_to_subs":false,"_jetpack_newsletter_tier_id":0,"_jetpack_memberships_contains_paywalled_content":false,"_jetpack_memberships_contains_paid_content":false,"footnotes":"","jetpack_publicize_message":"","jetpack_publicize_feature_enabled":true,"jetpack_social_post_already_shared":true,"jetpack_social_options":{"image_generator_settings":{"template":"highway","default_image_id":0,"font":"","enabled":false},"version":2}},"categories":[1],"tags":[],"class_list":["post-6468","post","type-post","status-publish","format-standard","hentry","category-non-classe"],"jetpack_publicize_connections":[],"jetpack_featured_media_url":"","jetpack_shortlink":"https:\/\/wp.me\/p1l1zM-1Gk","jetpack_sharing_enabled":true,"jetpack-related-posts":[],"_links":{"self":[{"href":"https:\/\/perruchenautomne.eu\/wordpress\/wp-json\/wp\/v2\/posts\/6468","targetHints":{"allow":["GET"]}}],"collection":[{"href":"https:\/\/perruchenautomne.eu\/wordpress\/wp-json\/wp\/v2\/posts"}],"about":[{"href":"https:\/\/perruchenautomne.eu\/wordpress\/wp-json\/wp\/v2\/types\/post"}],"author":[{"embeddable":true,"href":"https:\/\/perruchenautomne.eu\/wordpress\/wp-json\/wp\/v2\/users\/1"}],"replies":[{"embeddable":true,"href":"https:\/\/perruchenautomne.eu\/wordpress\/wp-json\/wp\/v2\/comments?post=6468"}],"version-history":[{"count":0,"href":"https:\/\/perruchenautomne.eu\/wordpress\/wp-json\/wp\/v2\/posts\/6468\/revisions"}],"wp:attachment":[{"href":"https:\/\/perruchenautomne.eu\/wordpress\/wp-json\/wp\/v2\/media?parent=6468"}],"wp:term":[{"taxonomy":"category","embeddable":true,"href":"https:\/\/perruchenautomne.eu\/wordpress\/wp-json\/wp\/v2\/categories?post=6468"},{"taxonomy":"post_tag","embeddable":true,"href":"https:\/\/perruchenautomne.eu\/wordpress\/wp-json\/wp\/v2\/tags?post=6468"}],"curies":[{"name":"wp","href":"https:\/\/api.w.org\/{rel}","templated":true}]}}