{"id":6509,"date":"2023-03-30T20:34:27","date_gmt":"2023-03-30T19:34:27","guid":{"rendered":"https:\/\/perruchenautomne.eu\/wordpress\/?p=6509"},"modified":"2023-03-30T20:35:48","modified_gmt":"2023-03-30T19:35:48","slug":"fragiles","status":"publish","type":"post","link":"https:\/\/perruchenautomne.eu\/wordpress\/2023\/03\/30\/fragiles\/","title":{"rendered":"Fragiles"},"content":{"rendered":"\n<p>Je viens de d\u00e9passer les 20 ans de pratique comme n\u00e9phrologue. J&rsquo;ai commenc\u00e9 \u00e0 tra\u00eener dans un service de n\u00e9phrologie comme interne 10 ans plus t\u00f4t. Apr\u00e8s plus de 30 ans \u00e0 passer mon quotidien avec des patient.es atteint.es de maladie r\u00e9nale chronique, je me rends compte que je suis toujours aussi touch\u00e9, voir plus, quand un patients que je suivais meurt. La mort de tout \u00eatre humain me rend triste m\u00eame si j&rsquo;essaye d&rsquo;avoir une forme de carapace pour ne pas me laisser emporter par mes sentiments. Je suis toujours triste de d\u00e9couvrir la mort d&rsquo;un humain quelles qu\u2019en soient les circonstances. Je pense aux survivants et je ne peux m\u2019emp\u00eacher de me projeter dans le vide laiss\u00e9 par le proche mort. J&rsquo;imagine l&rsquo;insouciance du moment d&rsquo;avant qui bascule dans ce vertige de l&rsquo;absence irr\u00e9m\u00e9diable. Nous sommes si fragiles.<\/p>\n\n\n\n<p>Un patient que je suivais depuis 15 ans vient de mourir. Je l&rsquo;ai accompagn\u00e9 durant tout son parcours de personne atteinte d&rsquo;une maladie r\u00e9nale chronique, du diagnostic, \u00e0 la gestion des complications, au choix des th\u00e9rapeutiques jusqu&rsquo;\u00e0 la transplantation pr\u00e9emptive. Je ne peux pas vous raconter les diverses p\u00e9rip\u00e9ties de sa vie m\u00e9dicale, mais vous pouvez me croire il en a beaucoup connues, plusieurs fois, il a failli y laisser sa peau, pour enfin b\u00e9n\u00e9ficier d&rsquo;une technique de transplantation pas fr\u00e9quente, rendue obligatoire par ses ant\u00e9c\u00e9dents. Il est probable que de nombreuses \u00e9quipes l&rsquo;auraient contre indiqu\u00e9 mais sa t\u00e9nacit\u00e9 et celle de sa famille nous a convaincu. Un long parcours m\u00e9dical difficile, nous avions cru, tous les deux, que le plus dur \u00e9tait derri\u00e8re. Il allait bien, vraiment bien, des projets, des envies, la vie. Et brutalement, la camarde vient nous rappeler que nous sommes fragiles, terriblement fragiles. Le d\u00e9c\u00e8s brutal, inattendu, temp\u00eate dans un ciel radieux. Je l&rsquo;avais vu 15 jours avant son d\u00e9c\u00e8s. Forc\u00e9ment vous repensez \u00e0 ce que vous auriez pu rater, ce que vous avez n\u00e9glig\u00e9 comme petit signe. Vous reprenez les bilans pour \u00eatre sur de ne pas avoir sous estim\u00e9 un petit mouvement qui aurait du vous alerter, vous regardez encore une fois le traitement en vous demandant ce que vous auriez pu ajouter ou enlever. Rien, vous ne voyez rien qui eu pu vous pr\u00e9venir. Vous \u00eates pris entre deux sentiments contradictoires, le soulagement et un immense d\u00e9pit. Soulagement, du nous avons tout fait comme il fallait, c&rsquo;\u00e9tait impr\u00e9visible. D\u00e9pit du malgr\u00e9 tout ce que nous avons fait, malgr\u00e9 toute la technicit\u00e9, la tentative d&rsquo;optimiser au mieux les petites choses, de penser aux d\u00e9tails, la mort rattrape impitoyable se foutant royalement de nos vains efforts. Constater que notre combat, contre cet in\u00e9luctable inh\u00e9rent \u00e0 notre condition d&rsquo;\u00eatre vivant, la mort, est toujours perdu, m&rsquo;attriste profond\u00e9ment. Fragiles, nous sommes si fragiles. <\/p>\n\n\n\n<p>Ces histoires, en ce moment nous en avons pas mal, nous rappellent \u00e0 quel point nous ne savons rien. Nous ne sommes pas capables de tout pr\u00e9dire, de tout anticiper, ces histoires nous obligent \u00e0 l&rsquo;humilit\u00e9. Comprendre le corps humain dans son fonctionnement normal et pathologique n&rsquo;est qu&rsquo;au d\u00e9but. Nous avons tant \u00e0 apprendre, tant \u00e0 explorer. C&rsquo;est pourquoi quand je vois des gens s\u2019entre-tuer pour un bout de terre, quand je vois la violence, le mal que nous pouvons faire \u00e0 autrui, je me demande \u00e0 chaque fois ce que nous avons rat\u00e9 dans l&rsquo;\u00e9ducation de l&rsquo;humain. Il y a tant \u00e0 faire pour mieux comprendre et mieux soigner pourquoi d\u00e9penser autant d&rsquo;\u00e9nergie \u00e0 faire la guerre, \u00e0 se battre, alors qu&rsquo;apprendre, s&rsquo;occuper des plus faibles devraient requ\u00e9rir toutes nos forces. Il y a quelque chose de profond\u00e9ment d\u00e9primant dans le comportement humain. Et pourtant j&rsquo;ai toujours envie de soigner, toujours envie de comprendre comment \u00e7a marche en esp\u00e9rant trouver un petit truc qui fera que la personne malade ira un peu mieux. Nous sommes tellement fragiles. Notre vie et celle de ceux que nous aimons est tellement fragile. Du jour au lendemain, nous pouvons basculer de la joie \u00e0 la plus grande des tristesses sans aucune transition avec une brutalit\u00e9 incroyable qui nous brise. Pourquoi ne sommes pas plus doux entre nous alors que nous savons que quoique nous fassions nous serons rattrap\u00e9s par la mort. Profitons des moments de joie, faisons des r\u00e9serves pour les moments de disette quand notre fragilit\u00e9 nous rattrapera.<\/p>\n\n\n\n<p> <\/p>\n","protected":false},"excerpt":{"rendered":"<p>Je viens de d\u00e9passer les 20 ans de pratique comme n\u00e9phrologue. J&rsquo;ai commenc\u00e9 \u00e0 tra\u00eener dans un service de n\u00e9phrologie comme interne 10 ans plus t\u00f4t. Apr\u00e8s plus de 30 ans \u00e0 passer mon quotidien avec des patient.es atteint.es de &hellip; <a href=\"https:\/\/perruchenautomne.eu\/wordpress\/2023\/03\/30\/fragiles\/\">Continuer la lecture <span class=\"meta-nav\">&rarr;<\/span><\/a><\/p>\n","protected":false},"author":1,"featured_media":0,"comment_status":"open","ping_status":"open","sticky":false,"template":"","format":"standard","meta":{"jetpack_post_was_ever_published":false,"_jetpack_newsletter_access":"","_jetpack_dont_email_post_to_subs":false,"_jetpack_newsletter_tier_id":0,"_jetpack_memberships_contains_paywalled_content":false,"_jetpack_memberships_contains_paid_content":false,"footnotes":"","jetpack_publicize_message":"","jetpack_publicize_feature_enabled":true,"jetpack_social_post_already_shared":true,"jetpack_social_options":{"image_generator_settings":{"template":"highway","default_image_id":0,"font":"","enabled":false},"version":2}},"categories":[3,13],"tags":[2285,180,1911],"class_list":["post-6509","post","type-post","status-publish","format-standard","hentry","category-histoires-de-patients","category-medecine-2","tag-fragile","tag-mort","tag-soin"],"jetpack_publicize_connections":[],"jetpack_featured_media_url":"","jetpack_shortlink":"https:\/\/wp.me\/s1l1zM-fragiles","jetpack_sharing_enabled":true,"jetpack-related-posts":[],"_links":{"self":[{"href":"https:\/\/perruchenautomne.eu\/wordpress\/wp-json\/wp\/v2\/posts\/6509","targetHints":{"allow":["GET"]}}],"collection":[{"href":"https:\/\/perruchenautomne.eu\/wordpress\/wp-json\/wp\/v2\/posts"}],"about":[{"href":"https:\/\/perruchenautomne.eu\/wordpress\/wp-json\/wp\/v2\/types\/post"}],"author":[{"embeddable":true,"href":"https:\/\/perruchenautomne.eu\/wordpress\/wp-json\/wp\/v2\/users\/1"}],"replies":[{"embeddable":true,"href":"https:\/\/perruchenautomne.eu\/wordpress\/wp-json\/wp\/v2\/comments?post=6509"}],"version-history":[{"count":5,"href":"https:\/\/perruchenautomne.eu\/wordpress\/wp-json\/wp\/v2\/posts\/6509\/revisions"}],"predecessor-version":[{"id":6514,"href":"https:\/\/perruchenautomne.eu\/wordpress\/wp-json\/wp\/v2\/posts\/6509\/revisions\/6514"}],"wp:attachment":[{"href":"https:\/\/perruchenautomne.eu\/wordpress\/wp-json\/wp\/v2\/media?parent=6509"}],"wp:term":[{"taxonomy":"category","embeddable":true,"href":"https:\/\/perruchenautomne.eu\/wordpress\/wp-json\/wp\/v2\/categories?post=6509"},{"taxonomy":"post_tag","embeddable":true,"href":"https:\/\/perruchenautomne.eu\/wordpress\/wp-json\/wp\/v2\/tags?post=6509"}],"curies":[{"name":"wp","href":"https:\/\/api.w.org\/{rel}","templated":true}]}}