{"id":6595,"date":"2023-07-02T08:03:00","date_gmt":"2023-07-02T07:03:00","guid":{"rendered":"https:\/\/perruchenautomne.eu\/wordpress\/?p=6595"},"modified":"2023-06-29T16:15:02","modified_gmt":"2023-06-29T15:15:02","slug":"a-quoi-ca-sert-la-vitamine-d-dans-la-maladie-renale-chronique","status":"publish","type":"post","link":"https:\/\/perruchenautomne.eu\/wordpress\/2023\/07\/02\/a-quoi-ca-sert-la-vitamine-d-dans-la-maladie-renale-chronique\/","title":{"rendered":"A quoi \u00e7a sert la vitamine D dans la maladie r\u00e9nale chronique?"},"content":{"rendered":"\n<p>\u00c7a ne r\u00e9duit pas la mortalit\u00e9.<\/p>\n\n\n\n<figure class=\"wp-block-image size-full\"><a href=\"https:\/\/perruchenautomne.eu\/wordpress\/wp-content\/uploads\/2023\/06\/image-5.png\"><img loading=\"lazy\" decoding=\"async\" width=\"713\" height=\"764\" src=\"https:\/\/perruchenautomne.eu\/wordpress\/wp-content\/uploads\/2023\/06\/image-5.png\" alt=\"\" class=\"wp-image-6596\" srcset=\"https:\/\/perruchenautomne.eu\/wordpress\/wp-content\/uploads\/2023\/06\/image-5.png 713w, https:\/\/perruchenautomne.eu\/wordpress\/wp-content\/uploads\/2023\/06\/image-5-280x300.png 280w\" sizes=\"auto, (max-width: 713px) 100vw, 713px\" \/><\/a><\/figure>\n\n\n\n<p>\u00c7a ne r\u00e9duit pas le risque de fracture.<\/p>\n\n\n\n<figure class=\"wp-block-image size-full\"><a href=\"https:\/\/perruchenautomne.eu\/wordpress\/wp-content\/uploads\/2023\/06\/image-6.png\"><img loading=\"lazy\" decoding=\"async\" width=\"713\" height=\"700\" src=\"https:\/\/perruchenautomne.eu\/wordpress\/wp-content\/uploads\/2023\/06\/image-6.png\" alt=\"\" class=\"wp-image-6597\" srcset=\"https:\/\/perruchenautomne.eu\/wordpress\/wp-content\/uploads\/2023\/06\/image-6.png 713w, https:\/\/perruchenautomne.eu\/wordpress\/wp-content\/uploads\/2023\/06\/image-6-300x295.png 300w\" sizes=\"auto, (max-width: 713px) 100vw, 713px\" \/><\/a><\/figure>\n\n\n\n<p>\u00c7a ne r\u00e9duit pas les \u00e9v\u00e9nements cardiovasculaires majeurs (RR 0.94 [95% CI 0.62 to 1.42]).<\/p>\n\n\n\n<p>\u00c7a augmente le risque d&rsquo;hypercalc\u00e9mie et du coup \u00e7a diminue la valeur de PTH et de phosphatase alcaline.<\/p>\n\n\n\n<figure class=\"wp-block-image size-full\"><a href=\"https:\/\/perruchenautomne.eu\/wordpress\/wp-content\/uploads\/2023\/06\/image-7.png\"><img loading=\"lazy\" decoding=\"async\" width=\"713\" height=\"871\" src=\"https:\/\/perruchenautomne.eu\/wordpress\/wp-content\/uploads\/2023\/06\/image-7.png\" alt=\"\" class=\"wp-image-6598\" srcset=\"https:\/\/perruchenautomne.eu\/wordpress\/wp-content\/uploads\/2023\/06\/image-7.png 713w, https:\/\/perruchenautomne.eu\/wordpress\/wp-content\/uploads\/2023\/06\/image-7-246x300.png 246w\" sizes=\"auto, (max-width: 713px) 100vw, 713px\" \/><\/a><\/figure>\n\n\n\n<p>Pour r\u00e9sumer <a href=\"https:\/\/www.ajkd.org\/article\/S0272-6386(23)00693-5\/fulltext?rss=yes\">cette m\u00e9taanalyse<\/a>, l&rsquo;utilit\u00e9 de la vitamine D chez le patient avec une MRC ne parait pas d&rsquo;une grande \u00e9vidence en tous cas par sur des crit\u00e8res durs. Je conseille de la doser et de l&rsquo;utiliser en cas d&rsquo;hypocalc\u00e9mie (\u00e7a fera des \u00e9conomies). Pour le reste vous vous ferez votre opinion en lisant en profondeur l&rsquo;article.<\/p>\n","protected":false},"excerpt":{"rendered":"<p>\u00c7a ne r\u00e9duit pas la mortalit\u00e9. \u00c7a ne r\u00e9duit pas le risque de fracture. \u00c7a ne r\u00e9duit pas les \u00e9v\u00e9nements cardiovasculaires majeurs (RR 0.94 [95% CI 0.62 to 1.42]). \u00c7a augmente le risque d&rsquo;hypercalc\u00e9mie et du coup \u00e7a diminue la &hellip; <a href=\"https:\/\/perruchenautomne.eu\/wordpress\/2023\/07\/02\/a-quoi-ca-sert-la-vitamine-d-dans-la-maladie-renale-chronique\/\">Continuer la lecture <span class=\"meta-nav\">&rarr;<\/span><\/a><\/p>\n","protected":false},"author":1,"featured_media":0,"comment_status":"open","ping_status":"open","sticky":false,"template":"","format":"standard","meta":{"jetpack_post_was_ever_published":false,"_jetpack_newsletter_access":"","_jetpack_dont_email_post_to_subs":false,"_jetpack_newsletter_tier_id":0,"_jetpack_memberships_contains_paywalled_content":false,"_jetpack_memberships_contains_paid_content":false,"footnotes":"","jetpack_publicize_message":"","jetpack_publicize_feature_enabled":true,"jetpack_social_post_already_shared":true,"jetpack_social_options":{"image_generator_settings":{"template":"highway","default_image_id":0,"font":"","enabled":false},"version":2}},"categories":[1],"tags":[],"class_list":["post-6595","post","type-post","status-publish","format-standard","hentry","category-non-classe"],"jetpack_publicize_connections":[],"jetpack_featured_media_url":"","jetpack_shortlink":"https:\/\/wp.me\/p1l1zM-1In","jetpack_sharing_enabled":true,"jetpack-related-posts":[],"_links":{"self":[{"href":"https:\/\/perruchenautomne.eu\/wordpress\/wp-json\/wp\/v2\/posts\/6595","targetHints":{"allow":["GET"]}}],"collection":[{"href":"https:\/\/perruchenautomne.eu\/wordpress\/wp-json\/wp\/v2\/posts"}],"about":[{"href":"https:\/\/perruchenautomne.eu\/wordpress\/wp-json\/wp\/v2\/types\/post"}],"author":[{"embeddable":true,"href":"https:\/\/perruchenautomne.eu\/wordpress\/wp-json\/wp\/v2\/users\/1"}],"replies":[{"embeddable":true,"href":"https:\/\/perruchenautomne.eu\/wordpress\/wp-json\/wp\/v2\/comments?post=6595"}],"version-history":[{"count":1,"href":"https:\/\/perruchenautomne.eu\/wordpress\/wp-json\/wp\/v2\/posts\/6595\/revisions"}],"predecessor-version":[{"id":6599,"href":"https:\/\/perruchenautomne.eu\/wordpress\/wp-json\/wp\/v2\/posts\/6595\/revisions\/6599"}],"wp:attachment":[{"href":"https:\/\/perruchenautomne.eu\/wordpress\/wp-json\/wp\/v2\/media?parent=6595"}],"wp:term":[{"taxonomy":"category","embeddable":true,"href":"https:\/\/perruchenautomne.eu\/wordpress\/wp-json\/wp\/v2\/categories?post=6595"},{"taxonomy":"post_tag","embeddable":true,"href":"https:\/\/perruchenautomne.eu\/wordpress\/wp-json\/wp\/v2\/tags?post=6595"}],"curies":[{"name":"wp","href":"https:\/\/api.w.org\/{rel}","templated":true}]}}