{"id":6618,"date":"2023-12-09T21:19:53","date_gmt":"2023-12-09T20:19:53","guid":{"rendered":"https:\/\/perruchenautomne.eu\/wordpress\/?p=6618"},"modified":"2023-12-09T21:19:53","modified_gmt":"2023-12-09T20:19:53","slug":"masque","status":"publish","type":"post","link":"https:\/\/perruchenautomne.eu\/wordpress\/2023\/12\/09\/masque\/","title":{"rendered":"Masque"},"content":{"rendered":"\n<p>Juin 2023, je descends \u00e0 l\u2019h\u00f4pital de jour comme tous les matins. Je traverse la salle d\u2019attente pour aller dans le bureau des internes. Encore un patient sans masque, il est \u00e9crit partout qu\u2019il faut mettre un masque quand on entre dans le service. Nous le fournissons. Depuis fin 2017, nous demandons aux patients immunod\u00e9prim\u00e9s de mettre un masque quand ils viennent en consultation. La raison est simple pr\u00e9venir les infections a\u00e9roport\u00e9es apr\u00e8s la douloureuse exp\u00e9rience de deux petites \u00e9pid\u00e9mies de pneumocystose. Je n&rsquo;\u00e9tais pas tr\u00e8s convaincu, voir un peu r\u00e9ticent. Apr\u00e8s le port du masque, nous n&rsquo;avons plus eu de cas group\u00e9s de pneumocystose, et nous avions vu la fr\u00e9quence de la grippe saisonni\u00e8re diminuer, confortant l\u2019id\u00e9e que la salle d\u2019attente est un lieu de contamination de pas mal de bestioles a\u00e9roport\u00e9es. J&rsquo;\u00e9tais converti. La COVID 19 n\u2019a fait que renforc\u00e9 la n\u00e9cessit\u00e9 du port du masque cette fois ci par tous les patients. Nous avons gard\u00e9 cette pratique du port du masque pour tous fort de notre exp\u00e9rience, non pas de la COVID, mais de la pneumocystose.<br>Revenons \u00e0 notre patient r\u00e9fractaire au port du masque. La semaine pr\u00e9c\u00e9dente, j\u2019avais d\u00e9j\u00e0 signal\u00e9 \u00e0 quelqu\u2019un qu\u2019il fallait mettre un masque surtout quand s\u2019est \u00e9crit sur le mur en grosses lettres en face de vous. Je m\u2019\u00e9tais copieusement fait insulter et menacer de je ne sais plus quoi, si de mort. Je r\u00e9p\u00e8te encore un fois qu\u2019il faut mettre un masque et l\u00e0 d\u00e9ferlement de violence verbale et encore menaces de mort. Il se l\u00e8ve, se rapproche et me crache toute sa haine au visage, mena\u00e7ant si il me voit dehors de me faire la peau, expliquant que je suis raciste. C\u2019est pour \u00e7a que je veux lui faire mettre un masque et que je suis un salaud vendu \u00e0 l&rsquo;industrie du masque. Du classique. Si je n\u2019\u00e9tait pas ce que je suis, je me serai pris un poing dans la gueule, mais m\u00eame dans la haine, on se m\u00e9fie de ce que l\u2019autre pourrait vous faire. Mon physique est une arme de dissuasion dans ces situations. On appelle la s\u00e9curit\u00e9 pour le faire sortir. Un patient se l\u00e8ve, lui dit que j\u2019ai raison et qu\u2019il n\u2019y a rien de raciste. \u00c7a discute ferme. Je m\u2019en vais, la consultation et les avis m&rsquo;attendent. <\/p>\n\n\n\n<p>La deuxi\u00e8me menace de mort en une semaine m&rsquo;a conduit \u00e0 renoncer \u00e0 dire quoi que ce soit sur le port du masque. Pas courageux, j&rsquo;assume ma couardise qui prot\u00e8ge mon psychisme. C&rsquo;est fatigant de se faire menacer de mort. Finalement, c\u2019est leur probl\u00e8me de ne pas vouloir se prot\u00e9ger. Ceux qui ont compris viennent avec un FFP2, les autres, on leur donne un masque chirurgical et il reste les r\u00e9sistants, ceux qui se battent pour la libert\u00e9 d\u2019avoir un virus, une bact\u00e9rie, un champignon dans les poumons. <\/p>\n\n\n\n<p>J\u2019ai d\u00e9cid\u00e9 que ma sant\u00e9 psychique \u00e9tait plus importante que d\u2019essayer de convaincre des gens qui ne voulaient m\u00eame pas entendre le moindre argument. Je persiste juste \u00e0 laisser des affiches dans la salle d&rsquo;attente. C\u2019est comme pour le vaccin, j\u2019ai renonc\u00e9 depuis longtemps a essay\u00e9 de convaincre qui que ce soit de se vacciner, passer 1\/4h d&rsquo;explications, pour m&rsquo;entendre parler des recommandations de je ne sais qui sur je ne sais quel site, \u00e7a me fatigue. Je conseille les vaccinations  et je refuse d&rsquo;entendre les th\u00e9ories du complot diverses et vari\u00e9es. <\/p>\n\n\n\n<p>Cette histoire de menaces de mort et de de refus du port du vaccin me renvoie \u00e0 la premi\u00e8re vague. Un jour nous avons d\u00e9couvert en pleine \u00e9pid\u00e9mie qu\u2019on nous avait vol\u00e9 notre stock de masques. A ce moment, les gens se battaient pour avoir un masque et probablement mon r\u00e9sistant pour la libert\u00e9 m\u2019aurait menac\u00e9 de mort si nous n&rsquo;avions pas voulu lui fournir un masque. Nous n&rsquo;avons rien retenu, rien appris de cette pand\u00e9mie. C&rsquo;est assez triste et un peu d\u00e9sesp\u00e9rant.  Comme pas mal de gens ont l&rsquo;air d&rsquo;avoir oubli\u00e9 ce que ce fut. Je vous conseille l&rsquo;\u00e9coute de cette formidable s\u00e9rie sur France culture <a href=\"https:\/\/www.radiofrance.fr\/franceculture\/podcasts\/serie-l-hopital-a-vif-de-caroline-girard-et-franck-magloire\">\u00ab\u00a0l\u2019h\u00f4pital \u00e0 vif\u00a0\u00bb<\/a>. Si vous n&rsquo;avez qu&rsquo;un \u00e9pisode \u00e0 \u00e9couter c&rsquo;est le 4, un plaidoyer, j&rsquo;ai rarement entendu propos plus juste sur l\u2019h\u00f4pital. Nos grands d\u00e9cideurs devraient \u00e9couter plus souvent, les personnes du terrain, les vraies, celles qui ont encore les mains dans le caca, celles qui se font menacer de mort en face \u00e0 face, celle qui r\u00e9pondent au t\u00e9l\u00e9phone \u00e0 3 heures du matin, celle qui voient la souffrance au quotidien, pas celles qui paradent sur les plateaux de t\u00e9l\u00e9visions ou ne font que compter leurs followers sur je ne sais quel r\u00e9seau asocial. Les \u00e9couter vraiment et ne pas minimiser en disant vous n&rsquo;avez pas le recul, vous exag\u00e9rez. <\/p>\n\n\n\n<p>D\u00e9cembre 2023, l&rsquo;institution s&rsquo;est enfin d\u00e9cid\u00e9e \u00e0 conseiller le port des masques pour les patients. Les affiches sont syst\u00e9matiquement arrach\u00e9es dans la salle d&rsquo;attente. Nombreux sont ceux qui attendent visages d\u00e9couverts, je ne dis plus un mot, m\u00eame si parfois il me br\u00fble les l\u00e8vres. En cette p\u00e9riode de multiples infections a\u00e9roport\u00e9es, mettre un masque quand vous venez dans une salle d&rsquo;attente, surtout si des gens toussent, me parait une attitude judicieuse. Ce n&rsquo;est pas juste pour la COVID mais pour toutes les autres bestioles. Le masque n&rsquo;est pas la panac\u00e9e mais il r\u00e9duit le risque, comme de se laver r\u00e9guli\u00e8rement les mains. Alors sortez couvert.<\/p>\n","protected":false},"excerpt":{"rendered":"<p>Juin 2023, je descends \u00e0 l\u2019h\u00f4pital de jour comme tous les matins. Je traverse la salle d\u2019attente pour aller dans le bureau des internes. Encore un patient sans masque, il est \u00e9crit partout qu\u2019il faut mettre un masque quand on &hellip; <a href=\"https:\/\/perruchenautomne.eu\/wordpress\/2023\/12\/09\/masque\/\">Continuer la lecture <span class=\"meta-nav\">&rarr;<\/span><\/a><\/p>\n","protected":false},"author":1,"featured_media":0,"comment_status":"open","ping_status":"open","sticky":false,"template":"","format":"standard","meta":{"jetpack_post_was_ever_published":false,"_jetpack_newsletter_access":"","_jetpack_dont_email_post_to_subs":false,"_jetpack_newsletter_tier_id":0,"_jetpack_memberships_contains_paywalled_content":false,"_jetpack_memberships_contains_paid_content":false,"footnotes":"","jetpack_publicize_message":"","jetpack_publicize_feature_enabled":true,"jetpack_social_post_already_shared":true,"jetpack_social_options":{"image_generator_settings":{"template":"highway","default_image_id":0,"font":"","enabled":false},"version":2}},"categories":[3,11],"tags":[1062,2321],"class_list":["post-6618","post","type-post","status-publish","format-standard","hentry","category-histoires-de-patients","category-medecine-humeur","tag-infection","tag-masque"],"jetpack_publicize_connections":[],"jetpack_featured_media_url":"","jetpack_shortlink":"https:\/\/wp.me\/s1l1zM-masque","jetpack_sharing_enabled":true,"jetpack-related-posts":[],"_links":{"self":[{"href":"https:\/\/perruchenautomne.eu\/wordpress\/wp-json\/wp\/v2\/posts\/6618","targetHints":{"allow":["GET"]}}],"collection":[{"href":"https:\/\/perruchenautomne.eu\/wordpress\/wp-json\/wp\/v2\/posts"}],"about":[{"href":"https:\/\/perruchenautomne.eu\/wordpress\/wp-json\/wp\/v2\/types\/post"}],"author":[{"embeddable":true,"href":"https:\/\/perruchenautomne.eu\/wordpress\/wp-json\/wp\/v2\/users\/1"}],"replies":[{"embeddable":true,"href":"https:\/\/perruchenautomne.eu\/wordpress\/wp-json\/wp\/v2\/comments?post=6618"}],"version-history":[{"count":2,"href":"https:\/\/perruchenautomne.eu\/wordpress\/wp-json\/wp\/v2\/posts\/6618\/revisions"}],"predecessor-version":[{"id":6620,"href":"https:\/\/perruchenautomne.eu\/wordpress\/wp-json\/wp\/v2\/posts\/6618\/revisions\/6620"}],"wp:attachment":[{"href":"https:\/\/perruchenautomne.eu\/wordpress\/wp-json\/wp\/v2\/media?parent=6618"}],"wp:term":[{"taxonomy":"category","embeddable":true,"href":"https:\/\/perruchenautomne.eu\/wordpress\/wp-json\/wp\/v2\/categories?post=6618"},{"taxonomy":"post_tag","embeddable":true,"href":"https:\/\/perruchenautomne.eu\/wordpress\/wp-json\/wp\/v2\/tags?post=6618"}],"curies":[{"name":"wp","href":"https:\/\/api.w.org\/{rel}","templated":true}]}}