{"id":6768,"date":"2024-04-25T13:07:29","date_gmt":"2024-04-25T12:07:29","guid":{"rendered":"https:\/\/perruchenautomne.eu\/wordpress\/?p=6768"},"modified":"2024-04-25T13:21:36","modified_gmt":"2024-04-25T12:21:36","slug":"quand-une-chanson-nous-montre-le-chemin","status":"publish","type":"post","link":"https:\/\/perruchenautomne.eu\/wordpress\/2024\/04\/25\/quand-une-chanson-nous-montre-le-chemin\/","title":{"rendered":"Quand une chanson nous montre le chemin"},"content":{"rendered":"\n<p>Il y a 60 ans, une femme d&rsquo;origine juive \u00e9tait invit\u00e9e \u00e0 G\u00f6ttingen pour chanter dans un th\u00e9\u00e2tre \u00e9tudiant. Elle refusa, nous n&rsquo;\u00e9tions que 20 ans apr\u00e8s la seconde guerre mondiale. Devant l&rsquo;insistance de cette jeunesse, elle y alla. Elle fit un peu sa diva mais au lieu de chanter deux soirs, elle resta une semaine. Avant son retour sur les bords de la seine, elle fit un cadeau \u00e0 ces \u00e9tudiants qui lui avaient montr\u00e9 l&rsquo;espoir d&rsquo;une r\u00e9conciliation. Que peut offrir une artiste? Une chanson.<\/p>\n\n\n\n<figure class=\"wp-block-embed is-type-video is-provider-youtube wp-block-embed-youtube wp-embed-aspect-16-9 wp-has-aspect-ratio\"><div class=\"wp-block-embed__wrapper\">\n<span class=\"embed-youtube\" style=\"text-align:center; display: block;\"><iframe loading=\"lazy\" class=\"youtube-player\" width=\"640\" height=\"360\" src=\"https:\/\/www.youtube.com\/embed\/yDDBKniQQDU?version=3&#038;rel=1&#038;showsearch=0&#038;showinfo=1&#038;iv_load_policy=1&#038;fs=1&#038;hl=fr-FR&#038;autohide=2&#038;wmode=transparent\" allowfullscreen=\"true\" style=\"border:0;\" sandbox=\"allow-scripts allow-same-origin allow-popups allow-presentation allow-popups-to-escape-sandbox\"><\/iframe><\/span>\n<\/div><\/figure>\n\n\n\n<p>\u00c9coutez bien les paroles, elles sont si actuelles. Espoir de transcender nos diff\u00e9rences, nos ranc\u0153urs pour vivre ensemble, pour s&rsquo;\u00e9couter et se respecter. Nous pouvons avoir des opinions diff\u00e9rentes, nous devrions pouvoir les partager sans pugilat et sans haine. Arrivez \u00e0 d\u00e9passer les horreurs est essentiel pour ne pas se noyer dans le drame. Il est facile de se laisser emporter par la haine, bien plus difficile de pardonner et de construire un futur commun. Cette chanson est une illustration de la beaut\u00e9 que nous pouvons atteindre quand nous d\u00e9passons nos peurs de l&rsquo;autre. Nous n&rsquo;avons pas trop le choix, comme l&rsquo;avait si bien <a href=\"https:\/\/en.wikipedia.org\/wiki\/Pale_Blue_Dot\">dit Carl Sagan, il a 30 ans<\/a>.  <\/p>\n\n\n\n<figure class=\"wp-block-image size-full is-resized\"><a href=\"https:\/\/perruchenautomne.eu\/wordpress\/wp-content\/uploads\/2024\/04\/20140801_PIA00452.jpg.webp\"><img loading=\"lazy\" decoding=\"async\" width=\"453\" height=\"614\" src=\"https:\/\/perruchenautomne.eu\/wordpress\/wp-content\/uploads\/2024\/04\/20140801_PIA00452.jpg.webp\" alt=\"\" class=\"wp-image-6769\" style=\"width:456px;height:auto\" srcset=\"https:\/\/perruchenautomne.eu\/wordpress\/wp-content\/uploads\/2024\/04\/20140801_PIA00452.jpg.webp 453w, https:\/\/perruchenautomne.eu\/wordpress\/wp-content\/uploads\/2024\/04\/20140801_PIA00452.jpg-221x300.webp 221w\" sizes=\"auto, (max-width: 453px) 100vw, 453px\" \/><\/a><figcaption class=\"wp-element-caption\"><a href=\"https:\/\/www.planetary.org\/worlds\/pale-blue-dot\">source<\/a> https:\/\/www.planetary.org\/worlds\/pale-blue-dot<\/figcaption><\/figure>\n\n\n\n<p>Dans sa g\u00e9n\u00e9rosit\u00e9, elle qui fut poursuivie \u00e0 travers la France de par son origine, elle chanta aussi en Allemand.<\/p>\n\n\n\n<figure class=\"wp-block-embed is-type-video is-provider-youtube wp-block-embed-youtube wp-embed-aspect-16-9 wp-has-aspect-ratio\"><div class=\"wp-block-embed__wrapper\">\n<span class=\"embed-youtube\" style=\"text-align:center; display: block;\"><iframe loading=\"lazy\" class=\"youtube-player\" width=\"640\" height=\"360\" src=\"https:\/\/www.youtube.com\/embed\/hz5hNyPPD2Q?version=3&#038;rel=1&#038;showsearch=0&#038;showinfo=1&#038;iv_load_policy=1&#038;fs=1&#038;hl=fr-FR&#038;autohide=2&#038;wmode=transparent\" allowfullscreen=\"true\" style=\"border:0;\" sandbox=\"allow-scripts allow-same-origin allow-popups allow-presentation allow-popups-to-escape-sandbox\"><\/iframe><\/span>\n<\/div><\/figure>\n\n\n\n<p>Je vous conseille pour aborder l&rsquo;histoire de cette tr\u00e8s grande artiste, <a href=\"https:\/\/www.radiofrance.fr\/franceculture\/podcasts\/concordance-des-temps\/barbara-dans-la-cite-2913409\">cette \u00e9mission<\/a>.<\/p>\n\n\n\n<p>Comme j&rsquo;en suis aux anniversaire \u00e0 chiffre rond. Il y a 50 ans, jour pour jour, un 25 avril, une r\u00e9volution fleurie abattait une des derni\u00e8res dictatures europ\u00e9ennes, l&rsquo;Estado Novo de Salazar  puis Caetano. Pour en savoir, plus je vous conseille la tr\u00e8s bonne s\u00e9rie sur la r\u00e9volution des oeillets <a href=\"https:\/\/www.radiofrance.fr\/franceculture\/podcasts\/le-cours-de-l-histoire\/gare-a-salazar-itineraire-d-un-dictateur-4609826\">du cours de l&rsquo;histoire de cette semaine<\/a>. La r\u00e9volution commen\u00e7a en chanson.<\/p>\n\n\n\n<p><\/p>\n\n\n\n<figure class=\"wp-block-embed is-type-video is-provider-youtube wp-block-embed-youtube wp-embed-aspect-4-3 wp-has-aspect-ratio\"><div class=\"wp-block-embed__wrapper\">\n<span class=\"embed-youtube\" style=\"text-align:center; display: block;\"><iframe loading=\"lazy\" class=\"youtube-player\" width=\"640\" height=\"360\" src=\"https:\/\/www.youtube.com\/embed\/gaLWqy4e7ls?version=3&#038;rel=1&#038;showsearch=0&#038;showinfo=1&#038;iv_load_policy=1&#038;fs=1&#038;hl=fr-FR&#038;autohide=2&#038;wmode=transparent\" allowfullscreen=\"true\" style=\"border:0;\" sandbox=\"allow-scripts allow-same-origin allow-popups allow-presentation allow-popups-to-escape-sandbox\"><\/iframe><\/span>\n<\/div><\/figure>\n","protected":false},"excerpt":{"rendered":"<p>Il y a 60 ans, une femme d&rsquo;origine juive \u00e9tait invit\u00e9e \u00e0 G\u00f6ttingen pour chanter dans un th\u00e9\u00e2tre \u00e9tudiant. Elle refusa, nous n&rsquo;\u00e9tions que 20 ans apr\u00e8s la seconde guerre mondiale. Devant l&rsquo;insistance de cette jeunesse, elle y alla. Elle &hellip; <a href=\"https:\/\/perruchenautomne.eu\/wordpress\/2024\/04\/25\/quand-une-chanson-nous-montre-le-chemin\/\">Continuer la lecture <span class=\"meta-nav\">&rarr;<\/span><\/a><\/p>\n","protected":false},"author":1,"featured_media":0,"comment_status":"open","ping_status":"open","sticky":false,"template":"","format":"standard","meta":{"jetpack_post_was_ever_published":false,"_jetpack_newsletter_access":"","_jetpack_dont_email_post_to_subs":false,"_jetpack_newsletter_tier_id":0,"_jetpack_memberships_contains_paywalled_content":false,"_jetpack_memberships_contains_paid_content":false,"footnotes":"","jetpack_publicize_message":"","jetpack_publicize_feature_enabled":true,"jetpack_social_post_already_shared":true,"jetpack_social_options":{"image_generator_settings":{"template":"highway","default_image_id":0,"font":"","enabled":false},"version":2}},"categories":[2214,9],"tags":[2346,1695,2347,1696],"class_list":["post-6768","post","type-post","status-publish","format-standard","hentry","category-astronomie","category-musique","tag-barbara","tag-carl-sagan","tag-goettingen","tag-pale-blue-dot"],"jetpack_publicize_connections":[],"jetpack_featured_media_url":"","jetpack_shortlink":"https:\/\/wp.me\/p1l1zM-1La","jetpack_sharing_enabled":true,"jetpack-related-posts":[],"_links":{"self":[{"href":"https:\/\/perruchenautomne.eu\/wordpress\/wp-json\/wp\/v2\/posts\/6768","targetHints":{"allow":["GET"]}}],"collection":[{"href":"https:\/\/perruchenautomne.eu\/wordpress\/wp-json\/wp\/v2\/posts"}],"about":[{"href":"https:\/\/perruchenautomne.eu\/wordpress\/wp-json\/wp\/v2\/types\/post"}],"author":[{"embeddable":true,"href":"https:\/\/perruchenautomne.eu\/wordpress\/wp-json\/wp\/v2\/users\/1"}],"replies":[{"embeddable":true,"href":"https:\/\/perruchenautomne.eu\/wordpress\/wp-json\/wp\/v2\/comments?post=6768"}],"version-history":[{"count":3,"href":"https:\/\/perruchenautomne.eu\/wordpress\/wp-json\/wp\/v2\/posts\/6768\/revisions"}],"predecessor-version":[{"id":6772,"href":"https:\/\/perruchenautomne.eu\/wordpress\/wp-json\/wp\/v2\/posts\/6768\/revisions\/6772"}],"wp:attachment":[{"href":"https:\/\/perruchenautomne.eu\/wordpress\/wp-json\/wp\/v2\/media?parent=6768"}],"wp:term":[{"taxonomy":"category","embeddable":true,"href":"https:\/\/perruchenautomne.eu\/wordpress\/wp-json\/wp\/v2\/categories?post=6768"},{"taxonomy":"post_tag","embeddable":true,"href":"https:\/\/perruchenautomne.eu\/wordpress\/wp-json\/wp\/v2\/tags?post=6768"}],"curies":[{"name":"wp","href":"https:\/\/api.w.org\/{rel}","templated":true}]}}