{"id":6924,"date":"2025-11-09T08:19:46","date_gmt":"2025-11-09T07:19:46","guid":{"rendered":"https:\/\/perruchenautomne.eu\/wordpress\/?p=6924"},"modified":"2025-11-09T08:19:46","modified_gmt":"2025-11-09T07:19:46","slug":"reviviscences-automnales","status":"publish","type":"post","link":"https:\/\/perruchenautomne.eu\/wordpress\/2025\/11\/09\/reviviscences-automnales\/","title":{"rendered":"Reviviscences automnales"},"content":{"rendered":"\n<p>Grace \u00e0 l&rsquo;excellente \u00e9mission de Fran\u00e7ois Saltiel, <a href=\"https:\/\/www.radiofrance.fr\/franceculture\/podcasts\/la-fabrique-de-l-information\/13-novembre-2015-l-emotion-peut-elle-faire-memoire-4009389\">la fabrique de l&rsquo;information<\/a>, j&rsquo;ai regard\u00e9 \u00ab\u00a0<a href=\"https:\/\/www.france.tv\/documentaires\/documentaires-societe\/7645046-13-novembre-nos-vies-en-eclats.html\">13 Novembre nos vies en \u00e9clats<\/a>\u00ab\u00a0. Regardez ce documentaire, issu de l&rsquo;incroyable et hors norme programme de recherche <a href=\"https:\/\/www.memoire13novembre.fr\/\">13.11<\/a>. Il peut \u00eatre vu comme un m\u00e9morial aux 131 victimes de cette nuit, comme la preuve \u00e9clatante de l&rsquo;importance de la recherche publique fran\u00e7aise, comme une trace importante de ces journ\u00e9es terribles. J&rsquo;y vois un t\u00e9moignage choral sur l&rsquo;exp\u00e9rience du stress post traumatique. Dans le cadre de 13.11, 1 000 personnes r\u00e9pondent \u00e0 des questions standardis\u00e9es pour comprendre le processus m\u00e9moriel. Ici, un dizaine d&rsquo;\u00eatres humains, profond\u00e9ment humains, se livrent en trois interviews, la premi\u00e8re quelques mois apr\u00e8s les attentats en 2016, le deuxi\u00e8me en 2018 et enfin en 2021. Je les remercie d&rsquo;avoir accepter que l&rsquo;autrice ait pu utiliser ce mat\u00e9riel pour ce travail indispensable.<\/p>\n\n\n\n<p>Certains pensent que le stress post traumatique, c&rsquo;est un truc de loosers, de faibles. Le stress post traumatique touchent tout le monde. Le documentaire illustre ses variations, les r\u00e9ponses individuelles dans un \u00e9chantillonnage qui couvre de nombreuses situations, toutes? D\u00e8s la premi\u00e8re s\u00e9quence, vous comprenez. La jeune femme, \u00e0 5 ans d&rsquo;\u00e9cart, a la m\u00eame gestuelle, les m\u00eames blancs, la m\u00eame \u00e9motion qui l&rsquo;\u00e9crase, la submerge, l&rsquo;engloutit. J&rsquo;entends les gros durs, oui c&rsquo;est une femme, elle n&rsquo;a rien pu faire, juste \u00eatre le t\u00e9moin. L&rsquo;enchainement avec le major de la garde r\u00e9publicaine, pas une femme, un homme \u00e0 cheval, un militaire, un dur, qui pleure comme une madeleine six ans apr\u00e8s les faits; illustre que tout un chacun peut \u00eatre victime de sa m\u00e9moire traumatique. Certains diront, il n&rsquo;a pas \u00e9t\u00e9 vraiment dans l&rsquo;action, cette absence d&rsquo;agentivit\u00e9 est responsable, il n&rsquo;\u00e9tait pas pr\u00e9par\u00e9. Le t\u00e9moignage du divisionnaire, plomb\u00e9 par l&rsquo;\u00e9motion incapable de se livrer en dehors de ce programme de recherche, montre que m\u00eame si il a compt\u00e9 les victimes de Charlie, rien ne vous pr\u00e9pare \u00e0 ce massacre hors norme. Le traumatisme est toujours l\u00e0 vivace. Sa difficult\u00e9 \u00e0 mettre des mots est une des r\u00e9ponses, le silence. Encore une fois, vous me direz, il n&rsquo;a pas \u00e9t\u00e9 dans l&rsquo;action r\u00e9elle. Et l\u00e0 vient le t\u00e9moignage du policier de la BRI. Il a \u00e9t\u00e9 en premi\u00e8re ligne dans le couloir, il est juste derri\u00e8re le bouclier, celui qui a abattu un des terroristes. Difficile de faire plus dans l&rsquo;action, lui aussi, il revit et revit ce moment et pas dans quelque chose d&rsquo;h\u00e9ro\u00efque et de glorieux, mais dans la douleur. Souffrir psychiquement, quand vous avez \u00e9t\u00e9 soumis \u00e0 la violence extr\u00eame d&rsquo;une situation inattendue, est une maladie, une maladie chronique violente. Vous ne gu\u00e9rissez jamais. Rien ne vous prot\u00e8ge, que vous soyez victime directe, t\u00e9moin, policier, soignant, technicien, famille, rien ne vous y pr\u00e9pare. Vous vivrez avec \u00e7a toute votre vie.<\/p>\n\n\n\n<p>Quand un des rescap\u00e9s explique qu&rsquo;il y a un avant et un apr\u00e8s, comme une pliure dans sa vie,  c&rsquo;est exactement \u00e7a. Encore une fois vous ne gu\u00e9rirez pas, vous apprendrez \u00e0 vivre avec, vous vous soignerez comme vous pourrez, mais cette cicatrice sera toujours l\u00e0. Elle se rouvrira parfois, pas pour saigner \u00e0 gros flot mais le sang perlera, les larmes couleront sans que vous ne puissiez les retenir. Vous ferez un cauchemar apr\u00e8s le visionnage d&rsquo;un excellent documentaire sur le 13 novembre qui n&rsquo;a pas grand chose \u00e0 voir avec votre histoire. Vous r\u00eaverez qu&rsquo;il y a une \u00e9pid\u00e9mie de syndrome h\u00e9molytique et ur\u00e9mique. Vous devez g\u00e9rez le cot\u00e9 p\u00e9diatrique alors que vous \u00eates n\u00e9phrologue adulte. Vous ne savez plus rien. Vous voyez les enfants mourir, leurs petits corps blancs et froids. Vous relirez toute la litt\u00e9rature, pour sauver ceux qui arrivent. Vous ne trouverez rien. Vous voulez \u00e9vitez d&rsquo;avoir \u00e0 annoncer \u00e0 des parents que leur fille ou leur fils est mort. Pour ne pas revivre ce qu&rsquo;on vous a annonc\u00e9. Le psychisme est une dr\u00f4le de chose. Il d\u00e9place, il transforme et me ram\u00e8ne toujours \u00e0 l&rsquo;incapacit\u00e9 d&rsquo;avoir pu sauver mon fils. <\/p>\n\n\n\n<p>Ce documentaire a r\u00e9activ\u00e9 mon traumatisme. Il date de plus de 22 ans. Oui 22 ans, la douleur est toujours l\u00e0. Vivre avec les s\u00e9quelles du stress post traumatique, c&rsquo;est \u00e7a. J&rsquo;ai v\u00e9cu plusieurs fois par jours pendant plusieurs ann\u00e9es, entre 6 et 8 ans, la mort de mon fils. Les choses ceux sont estomp\u00e9s avec le temps et la vie qui avance. J&rsquo;ai continu\u00e9 \u00e0 vivre,  je n&rsquo;ai plus jamais \u00e9t\u00e9 le m\u00eame. Je me suis reconnu dans de nombreux t\u00e9moignages, mes comportements, mes espoirs et mes d\u00e9faites. Il est difficile de vivre en ayant perdu l&rsquo;insouciance. Toujours penser au pire dans toute situation. Avoir peur quand tu n&rsquo;a pas de nouvelles d&rsquo;une des filles, m\u00eame si tu sais que te r\u00e9pondre n&rsquo;est pas son truc. Avoir peur quand elles sortent le soir dans les rues sombres de villes loin de toi. Avoir peur quand elle coure pour traverser la rue, toujours voir la voiture surgir, la voir voler pour s&rsquo;\u00e9craser quelques m\u00e8tres plus loin. J&rsquo;aimerai retrouver un peu d&rsquo;insouciance, un peu de l\u00e9g\u00e8ret\u00e9. Je sais que ce ne sera pas le cas. Je vis avec. J&rsquo;essaye de retrouver activement la joie depuis 22 ans. Des fois, j&rsquo;y arrive, des fois, je n&rsquo;y arrive pas comme apr\u00e8s le visionnage de ce documentaire. <\/p>\n\n\n\n<p>Je le conseille \u00e0 tous. Il faut savoir regarder ses peurs et angoisses, accepter ses larmes qui coulent sur le malheur des autres et sur le sien. La parole est l\u00e0 pour communiquer l&rsquo;indicible, c&rsquo;est une \u00e9trange phrase, mais tellement vraie. Arriver \u00e0 mettre en mots nos \u00e9motions pour qu&rsquo;elles ne nous envahissent pas en permanence. Alors parlez, parlez. Auditeurs, respectez l&rsquo;autre sans le\u00e7on, ni phrase toute faites, \u00e9coutez juste la douleur, parfois vous trouverez des mots simples sans grandiloquence qui font du bien parfois non, ce n&rsquo;est pas grave. Acceptez la parole de l&rsquo;endeuill\u00e9 d&rsquo;un \u00eatre cher ou de sa vie. Si vous avez la chance de ne pas souffrir, comprenez que ce moment un peu p\u00e9nible d&rsquo;une histoire triste, nous le vivons tous les jours, toutes les heures parfois pendant des ann\u00e9es. Ceci ne vous laisse pas indemne. Il faut nous pardonner de vous emb\u00eatez avec nos drames et nos peurs, juste pour ne pas rajouter \u00e0 la douleur, du m\u00e9pris. Nous n&rsquo;oublions jamais.<\/p>\n\n\n\n<p>Bonne \u00e9coute, bon visionnage et profitez de tous les moments de joie que la vie vous offre.   <\/p>\n","protected":false},"excerpt":{"rendered":"<p>Grace \u00e0 l&rsquo;excellente \u00e9mission de Fran\u00e7ois Saltiel, la fabrique de l&rsquo;information, j&rsquo;ai regard\u00e9 \u00ab\u00a013 Novembre nos vies en \u00e9clats\u00ab\u00a0. Regardez ce documentaire, issu de l&rsquo;incroyable et hors norme programme de recherche 13.11. Il peut \u00eatre vu comme un m\u00e9morial aux &hellip; <a href=\"https:\/\/perruchenautomne.eu\/wordpress\/2025\/11\/09\/reviviscences-automnales\/\">Continuer la lecture <span class=\"meta-nav\">&rarr;<\/span><\/a><\/p>\n","protected":false},"author":1,"featured_media":0,"comment_status":"open","ping_status":"open","sticky":false,"template":"","format":"standard","meta":{"jetpack_post_was_ever_published":false,"_jetpack_newsletter_access":"","_jetpack_dont_email_post_to_subs":false,"_jetpack_newsletter_tier_id":0,"_jetpack_memberships_contains_paywalled_content":false,"_jetpack_memberships_contains_paid_content":false,"footnotes":"","jetpack_publicize_message":"","jetpack_publicize_feature_enabled":true,"jetpack_social_post_already_shared":true,"jetpack_social_options":{"image_generator_settings":{"template":"highway","default_image_id":0,"font":"","enabled":false},"version":2}},"categories":[47,18,17],"tags":[1705,1099,1936,2378],"class_list":["post-6924","post","type-post","status-publish","format-standard","hentry","category-histoire-2","category-o","category-personnel","tag-13-novembre","tag-douleur","tag-memoire","tag-stress-post-traumatique"],"jetpack_publicize_connections":[],"jetpack_featured_media_url":"","jetpack_shortlink":"https:\/\/wp.me\/p1l1zM-1NG","jetpack_sharing_enabled":true,"jetpack-related-posts":[],"_links":{"self":[{"href":"https:\/\/perruchenautomne.eu\/wordpress\/wp-json\/wp\/v2\/posts\/6924","targetHints":{"allow":["GET"]}}],"collection":[{"href":"https:\/\/perruchenautomne.eu\/wordpress\/wp-json\/wp\/v2\/posts"}],"about":[{"href":"https:\/\/perruchenautomne.eu\/wordpress\/wp-json\/wp\/v2\/types\/post"}],"author":[{"embeddable":true,"href":"https:\/\/perruchenautomne.eu\/wordpress\/wp-json\/wp\/v2\/users\/1"}],"replies":[{"embeddable":true,"href":"https:\/\/perruchenautomne.eu\/wordpress\/wp-json\/wp\/v2\/comments?post=6924"}],"version-history":[{"count":3,"href":"https:\/\/perruchenautomne.eu\/wordpress\/wp-json\/wp\/v2\/posts\/6924\/revisions"}],"predecessor-version":[{"id":6927,"href":"https:\/\/perruchenautomne.eu\/wordpress\/wp-json\/wp\/v2\/posts\/6924\/revisions\/6927"}],"wp:attachment":[{"href":"https:\/\/perruchenautomne.eu\/wordpress\/wp-json\/wp\/v2\/media?parent=6924"}],"wp:term":[{"taxonomy":"category","embeddable":true,"href":"https:\/\/perruchenautomne.eu\/wordpress\/wp-json\/wp\/v2\/categories?post=6924"},{"taxonomy":"post_tag","embeddable":true,"href":"https:\/\/perruchenautomne.eu\/wordpress\/wp-json\/wp\/v2\/tags?post=6924"}],"curies":[{"name":"wp","href":"https:\/\/api.w.org\/{rel}","templated":true}]}}