{"id":6953,"date":"2025-12-23T16:15:58","date_gmt":"2025-12-23T15:15:58","guid":{"rendered":"https:\/\/perruchenautomne.eu\/wordpress\/?p=6953"},"modified":"2025-12-23T16:24:12","modified_gmt":"2025-12-23T15:24:12","slug":"un-inconnu-des-archives-charles-wolff","status":"publish","type":"post","link":"https:\/\/perruchenautomne.eu\/wordpress\/2025\/12\/23\/un-inconnu-des-archives-charles-wolff\/","title":{"rendered":"Un inconnu des archives, Charles Wolff"},"content":{"rendered":"\n<p>J&rsquo;aime la radio publique et en particulier France Culture. J&rsquo;ai vraiment commenc\u00e9 \u00e0 l&rsquo;\u00e9couter il y a pr\u00e8s de 20 ans lors de mon post doc. Je pourrais passer ma vie \u00e0 \u00e9couter ces gens intelligents qui parlent de choses qui bien souvent, sur le papier, ne m&rsquo;int\u00e9resse pas plus que \u00e7a. Apr\u00e8s l&rsquo;\u00e9mission, j&rsquo;ai envie de lire ou voir tout ce qu&rsquo;ils ont produits. <\/p>\n\n\n\n<figure class=\"wp-block-image\"><img decoding=\"async\" src=\"https:\/\/www.radiofrance.fr\/s3\/cruiser-production-eu3\/2025\/11\/cd4cba53-7b2a-4fbd-bb51-a44cfd4c1597\/400x400_sc_carre-1.jpg\" alt=\"\u00a9 Thomas Henry, Radio France\"\/><\/figure>\n\n\n\n\n\n<p>En ce d\u00e9but de semaine, j&rsquo;ai \u00e9cout\u00e9 une \u00e9mission qui trainait depuis plusieurs semaines dans mon lecteur de podcast. Je l&rsquo;avais t\u00e9l\u00e9charg\u00e9 car j&rsquo;\u00e9tais intrigu\u00e9 par le titre. Je n&rsquo;avais pas trouv\u00e9 la motivation d&rsquo;aller plus loin. La voyant l\u00e0 qui prenait de la place, plut\u00f4t que de la virer sans m\u00e9nagement, je me suis lanc\u00e9 dans l&rsquo;\u00e9coute de <a href=\"https:\/\/www.radiofrance.fr\/franceculture\/podcasts\/serie-sur-les-traces-de-charles-wolff-l-homme-archive\">\u00ab\u00a0Sur les traces de Charles Wolff, l&rsquo;homme-archive\u00a0\u00bb<\/a>. Je recommande \u00e0 toutes et tous de donner 4 heures de votre pr\u00e9cieux emploi du temps pour d\u00e9couvrir cet homme fascinant et remercier par l&rsquo;\u00e9coute le magnifique travail  de Thomas Henry et d&rsquo;Yvon Croizier. <\/p>\n\n\n\n<p>Ce documentaire est une ode \u00e0 l&rsquo;archive, \u00e0 sa cr\u00e9ation, \u00e0 sa conservation et surtout \u00e0 son utilisation. Quand on r\u00e9alise que ce fond incroyable d&rsquo;un passionn\u00e9 de radio et de musique attendait d&rsquo;\u00eatre ressorti de l&rsquo;oubli archivistique o\u00f9 il dormait gentiment depuis 1945, on se dit qu&rsquo;il doit encore y avoir de sacr\u00e9es p\u00e9pites non exploit\u00e9es dans les archives de Radio France. L&rsquo;histoire commence dans le fond d&rsquo;archive o\u00f9 se cachait cette collection de 78 tours, enregistrements de Radio Paris des ann\u00e9es 30. On entend les voix de <a href=\"https:\/\/www.radiofrance.fr\/franceculture\/podcasts\/lsd-la-serie-documentaire\/leo-lagrange-en-mars-1937-la-cause-du-sport-c-est-a-dire-la-cause-de-la-jeunesse-francaise-7043130\">Jean Zay<\/a>, de <a href=\"https:\/\/www.radiofrance.fr\/franceculture\/podcasts\/lsd-la-serie-documentaire\/leo-lagrange-en-mars-1937-la-cause-du-sport-c-est-a-dire-la-cause-de-la-jeunesse-francaise-7043130\">L\u00e9o Lagrange<\/a> et la <a href=\"https:\/\/www.radiofrance.fr\/franceculture\/podcasts\/lsd-la-serie-documentaire\/colette-juree-d-un-prix-litteraire-fait-un-trait-d-humour-4484483\">gouaille de Colette<\/a>. Rien que cette d\u00e9couverte est incroyable. Il s&rsquo;agit des rares archives de la radio de l&rsquo;\u00e9poque. Les historiens interrog\u00e9s sont tous surpris de la richesse de ces documents. Charles Wolff enregistre, mais il est aussi un militant anarchiste, un passionn\u00e9 de musique et d&rsquo;art, voulant transmettre et au c\u0153ur de la sc\u00e8ne intellectuelle du Paris des ann\u00e9es 30. Le documentaire rend tr\u00e8s bien sa fr\u00e9n\u00e9sie et sa boulimie d&rsquo;entendre et de savoir. Ceci aurait pu \u00eatre plaisant mais l&rsquo;\u00e9poque et terrible. Le moment d&rsquo;\u00e9motion le plus important est d&rsquo;entendre les paroles de <a href=\"https:\/\/www.radiofrance.fr\/franceculture\/podcasts\/lsd-la-serie-documentaire\/au-perthus-le-29-janvier-1939-une-refugiee-barcelonaise-temoigne-3274784\">cette r\u00e9fugi\u00e9e espagnole au Perthus<\/a> qui chass\u00e9e par le fascisme franquiste a tout perdu surtout sa famille, nous sommes en 1939. Bouleversant.<\/p>\n\n\n\n<p>Quand j&rsquo;entends parler de la guerre d&rsquo;Espagne, je pense forc\u00e9ment \u00e0 une autre s\u00e9rie, cette fois du <a href=\"https:\/\/www.radiofrance.fr\/franceculture\/podcasts\/serie-franco-histoire-d-un-dictateur\">cours de l&rsquo;histoire sur le franquisme<\/a>. Je vous recommande l\u00e0 aussi de l&rsquo;\u00e9couter, pour ceux qui oublient un peu vite que vivre sous un r\u00e9gime fasciste ce n&rsquo;est pas heureux. Je ne peux m\u2019emp\u00eacher de penser \u00e0 l&rsquo;Ukraine. Un peu, comme si en ce temps de mont\u00e9e des p\u00e9rils, l&rsquo;Ukraine \u00e9tait notre guerre d\u2019Espagne, nous pr\u00e9venant que si nous faisons preuve de faiblesse comme les dirigeants des d\u00e9mocraties l&rsquo;ont fait avec la r\u00e9publique espagnole, les prochains sur la liste c&rsquo;est nous. La le\u00e7on donn\u00e9e par la guerre d\u2019Espagne est qu&rsquo;il faut \u00eatre uni contre le fascisme sinon il vous \u00e9crase. Certains devraient bien \u00e9couter ce qui est expliqu\u00e9 de fa\u00e7on claire et sans ambigu\u00eft\u00e9, <a href=\"https:\/\/www.radiofrance.fr\/franceculture\/podcasts\/lsd-la-serie-documentaire\/echos-d-espagne-9181300\">ici.<\/a> J&rsquo;ai aussi d\u00e9couvert cette pi\u00e8ce de Cervant\u00e8s que je ne connaissais pas, \u00ab\u00a0Numance\u00a0\u00bb. <\/p>\n\n\n\n<p>Nous apprenons aussi comment \u00e0 l&rsquo;\u00e9poque les enregistrements se faisaient. Pour faire une \u00e9mission de radio, les techniciens avaient un boulot de dingue. L&rsquo;interview du responsable du <a href=\"https:\/\/phonomuseum.fr\/\">Phono museum <\/a>est tr\u00e8s int\u00e9ressante, quand on imagine qu&rsquo;il fallait changer l&rsquo;aiguille \u00e0 chaque \u00e9coute du disque&#8230; On mesure notre chance d&rsquo;avoir les outils actuels pour \u00e9couter de la musique.<\/p>\n\n\n\n<p>Pour aller plus loin sur le h\u00e9ros du documentaire, il fallait contacter la famille. Elle d\u00e9voile des archives passionnantes avec un journal de guerre qui nous fait plonger dans qu&rsquo;est ce qu&rsquo;\u00eatre r\u00e9sistant. Charles Wolff a \u00e9t\u00e9 un r\u00e9sistant travaillant un long moment \u00e0 Marseille au centre am\u00e9ricain de secours. Comme le dit un historien, il fournit un contre point int\u00e9ressant \u00e0 l&rsquo;ambiance dans ce lieu mythique la <a href=\"https:\/\/villaairbel1940.fr\/\">villa air bel<\/a>. Ne la cherchez pas, elle a \u00e9t\u00e9 d\u00e9truite en 1982. Charles Wolff sera arr\u00eat\u00e9 en mai 1944 par la milice et tortur\u00e9 \u00e0 mort. Si vous aviez un doute sur le fait que l\u2019extr\u00eame droite est brutale, violente et sans aucune piti\u00e9 pour ses opposants, m\u00eame ceux qui ne font que prot\u00e9ger leurs victimes ou \u00e9crire contre elle. N&rsquo;oublions jamais que le totalitarisme n&rsquo;est pas l&rsquo;ami du peuple.<\/p>\n\n\n\n<p>Le dernier \u00e9pisode est une histoire de la r\u00e9cup\u00e9ration des biens spoli\u00e9s. Encore une fois \u00e0 travers un cas particulier, la grande histoire et la petitesse du gouvernement f\u00e9d\u00e9ral allemand sont bien illustr\u00e9s. <\/p>\n\n\n\n<p>Toutes les \u00e9missions sont passionnantes et balaient une vingtaine d&rsquo;ann\u00e9e, avec de l&rsquo;art, de la politique, l&rsquo;amour des archives, de l&rsquo;intime, de l&rsquo;histoire, de Paris \u00e0 l\u2019Espagne en passant par Marseille, Toulouse et Berlin. La forme du documentaire rend hommage \u00e0 ce monsieur passionnant, Charles Wolff, \u00e9clectique et courageux. J&rsquo;esp\u00e8re que ses archives seront exploit\u00e9es au del\u00e0 de cette bien belle s\u00e9rie documentaire. J&rsquo;attends avec impatience un livre ou de  nouvelles \u00e9missions.<\/p>\n\n\n\n<p>\u00c9coutez pour d\u00e9fendre le service public radiophonique. C&rsquo;est un bien commun indispensable en ces temps troubl\u00e9s de d\u00e9sinformation.<\/p>\n\n\n\n<p>Un autre petit conseil d&rsquo;\u00e9coute si il ne traine pas d\u00e9j\u00e0 dans sur votre phonographe, le dernier album de cet extra terrestre de la musique, Jon Batiste. <\/p>\n\n\n\n<figure class=\"wp-block-embed is-type-video is-provider-youtube wp-block-embed-youtube wp-embed-aspect-16-9 wp-has-aspect-ratio\"><div class=\"wp-block-embed__wrapper\">\n<span class=\"embed-youtube\" style=\"text-align:center; display: block;\"><iframe loading=\"lazy\" class=\"youtube-player\" width=\"640\" height=\"360\" src=\"https:\/\/www.youtube.com\/embed\/PkS2xydpLIg?version=3&#038;rel=1&#038;showsearch=0&#038;showinfo=1&#038;iv_load_policy=1&#038;fs=1&#038;hl=fr-FR&#038;autohide=2&#038;wmode=transparent\" allowfullscreen=\"true\" style=\"border:0;\" sandbox=\"allow-scripts allow-same-origin allow-popups allow-presentation allow-popups-to-escape-sandbox\"><\/iframe><\/span>\n<\/div><\/figure>\n","protected":false},"excerpt":{"rendered":"<p>J&rsquo;aime la radio publique et en particulier France Culture. J&rsquo;ai vraiment commenc\u00e9 \u00e0 l&rsquo;\u00e9couter il y a pr\u00e8s de 20 ans lors de mon post doc. Je pourrais passer ma vie \u00e0 \u00e9couter ces gens intelligents qui parlent de choses &hellip; <a href=\"https:\/\/perruchenautomne.eu\/wordpress\/2025\/12\/23\/un-inconnu-des-archives-charles-wolff\/\">Continuer la lecture <span class=\"meta-nav\">&rarr;<\/span><\/a><\/p>\n","protected":false},"author":1,"featured_media":6955,"comment_status":"open","ping_status":"open","sticky":false,"template":"","format":"standard","meta":{"jetpack_post_was_ever_published":false,"_jetpack_newsletter_access":"","_jetpack_dont_email_post_to_subs":false,"_jetpack_newsletter_tier_id":0,"_jetpack_memberships_contains_paywalled_content":false,"_jetpack_memberships_contains_paid_content":false,"footnotes":"","jetpack_publicize_message":"","jetpack_publicize_feature_enabled":true,"jetpack_social_post_already_shared":true,"jetpack_social_options":{"image_generator_settings":{"template":"highway","default_image_id":0,"font":"","enabled":false},"version":2}},"categories":[47,9,2257],"tags":[2388,2389,112,7,2392,2390,2391],"class_list":["post-6953","post","type-post","status-publish","format-standard","has-post-thumbnail","hentry","category-histoire-2","category-musique","category-podcast","tag-archives","tag-charles-wolff","tag-france-culture","tag-histoire","tag-jon-batiste","tag-la-serie-documentaire","tag-phographe"],"jetpack_publicize_connections":[],"jetpack_featured_media_url":"https:\/\/perruchenautomne.eu\/wordpress\/wp-content\/uploads\/2025\/12\/400x400_sc_carre-1.jpg","jetpack_shortlink":"https:\/\/wp.me\/p1l1zM-1O9","jetpack_sharing_enabled":true,"jetpack-related-posts":[],"_links":{"self":[{"href":"https:\/\/perruchenautomne.eu\/wordpress\/wp-json\/wp\/v2\/posts\/6953","targetHints":{"allow":["GET"]}}],"collection":[{"href":"https:\/\/perruchenautomne.eu\/wordpress\/wp-json\/wp\/v2\/posts"}],"about":[{"href":"https:\/\/perruchenautomne.eu\/wordpress\/wp-json\/wp\/v2\/types\/post"}],"author":[{"embeddable":true,"href":"https:\/\/perruchenautomne.eu\/wordpress\/wp-json\/wp\/v2\/users\/1"}],"replies":[{"embeddable":true,"href":"https:\/\/perruchenautomne.eu\/wordpress\/wp-json\/wp\/v2\/comments?post=6953"}],"version-history":[{"count":1,"href":"https:\/\/perruchenautomne.eu\/wordpress\/wp-json\/wp\/v2\/posts\/6953\/revisions"}],"predecessor-version":[{"id":6954,"href":"https:\/\/perruchenautomne.eu\/wordpress\/wp-json\/wp\/v2\/posts\/6953\/revisions\/6954"}],"wp:featuredmedia":[{"embeddable":true,"href":"https:\/\/perruchenautomne.eu\/wordpress\/wp-json\/wp\/v2\/media\/6955"}],"wp:attachment":[{"href":"https:\/\/perruchenautomne.eu\/wordpress\/wp-json\/wp\/v2\/media?parent=6953"}],"wp:term":[{"taxonomy":"category","embeddable":true,"href":"https:\/\/perruchenautomne.eu\/wordpress\/wp-json\/wp\/v2\/categories?post=6953"},{"taxonomy":"post_tag","embeddable":true,"href":"https:\/\/perruchenautomne.eu\/wordpress\/wp-json\/wp\/v2\/tags?post=6953"}],"curies":[{"name":"wp","href":"https:\/\/api.w.org\/{rel}","templated":true}]}}