{"id":738,"date":"2012-01-22T16:06:58","date_gmt":"2012-01-22T15:06:58","guid":{"rendered":"https:\/\/perruchenautomne.eu\/wordpress\/?p=738"},"modified":"2012-01-22T16:15:12","modified_gmt":"2012-01-22T15:15:12","slug":"en-rangeant-des-photos","status":"publish","type":"post","link":"https:\/\/perruchenautomne.eu\/wordpress\/2012\/01\/22\/en-rangeant-des-photos\/","title":{"rendered":"En rangeant des photos"},"content":{"rendered":"<p>Je cherchais des photos pour illustrer un article quand je suis tomb\u00e9 sur des images prises cet \u00e9t\u00e9. J&rsquo;\u00e9tais tr\u00e8s limit\u00e9 en capacit\u00e9 de prise de vue n&rsquo;ayant que mon t\u00e9l\u00e9phone.<\/p>\n<p><a href=\"https:\/\/perruchenautomne.eu\/wordpress\/wp-content\/uploads\/2012\/01\/maribor.jpg\"><img loading=\"lazy\" decoding=\"async\" class=\"aligncenter size-full wp-image-740\" title=\"SAMSUNG\" src=\"https:\/\/perruchenautomne.eu\/wordpress\/wp-content\/uploads\/2012\/01\/maribor.jpg\" alt=\"\" width=\"600\" height=\"800\" srcset=\"https:\/\/perruchenautomne.eu\/wordpress\/wp-content\/uploads\/2012\/01\/maribor.jpg 600w, https:\/\/perruchenautomne.eu\/wordpress\/wp-content\/uploads\/2012\/01\/maribor-225x300.jpg 225w\" sizes=\"auto, (max-width: 600px) 100vw, 600px\" \/><\/a>J&rsquo;aime beaucoup cette image. L&rsquo;officier qui nous dit No Ordnung (pas d&rsquo;ordre). La photo a \u00e9t\u00e9 prise \u00e0 <a href=\"http:\/\/fr.wikipedia.org\/wiki\/Maribor\">Maribor<\/a>. Une saveur particuli\u00e8re quand on connait l&rsquo;histoire de cette ville.<\/p>\n<p><a href=\"https:\/\/perruchenautomne.eu\/wordpress\/wp-content\/uploads\/2012\/01\/army-life.jpg\"><img loading=\"lazy\" decoding=\"async\" class=\"aligncenter size-full wp-image-741\" title=\"SAMSUNG\" src=\"https:\/\/perruchenautomne.eu\/wordpress\/wp-content\/uploads\/2012\/01\/army-life.jpg\" alt=\"\" width=\"600\" height=\"437\" srcset=\"https:\/\/perruchenautomne.eu\/wordpress\/wp-content\/uploads\/2012\/01\/army-life.jpg 600w, https:\/\/perruchenautomne.eu\/wordpress\/wp-content\/uploads\/2012\/01\/army-life-300x218.jpg 300w\" sizes=\"auto, (max-width: 600px) 100vw, 600px\" \/><\/a>Les t\u00eates de morts m&rsquo;inspirent surtout quand elles annoncent que l&rsquo;arm\u00e9e de la vie les tuent. Si vous aimez les squelettes ne manquez pas <a href=\"http:\/\/skulladay.blogspot.com\/\">ce blog<\/a> qui vous donnera votre dose quotidienne.<\/p>\n<p><a href=\"https:\/\/perruchenautomne.eu\/wordpress\/wp-content\/uploads\/2012\/01\/vienne.jpg\"><img loading=\"lazy\" decoding=\"async\" class=\"aligncenter size-full wp-image-742\" title=\"SAMSUNG\" src=\"https:\/\/perruchenautomne.eu\/wordpress\/wp-content\/uploads\/2012\/01\/vienne.jpg\" alt=\"\" width=\"600\" height=\"390\" srcset=\"https:\/\/perruchenautomne.eu\/wordpress\/wp-content\/uploads\/2012\/01\/vienne.jpg 600w, https:\/\/perruchenautomne.eu\/wordpress\/wp-content\/uploads\/2012\/01\/vienne-300x195.jpg 300w\" sizes=\"auto, (max-width: 600px) 100vw, 600px\" \/><\/a>Et puis ma pr\u00e9f\u00e9r\u00e9e, surprenant, inattendu, dr\u00f4le, un cachalot en plein c\u0153ur de Vienne.<\/p>\n<p>En les regardant, je me suis souvenu du dernier film que j&rsquo;ai vu au cin\u00e9ma, hors dessins anim\u00e9s. <a href=\"http:\/\/www.dailymotion.com\/video\/xfouni_faites-le-mur-bande-annonce-vostfr_shortfilms\">Faites le mur!<\/a> L&rsquo;improbable film de <a href=\"http:\/\/www.streetartutopia.com\/?p=720\">Banksy<\/a> sur le street art. J&rsquo;ai ador\u00e9 ce film, les aventures compl\u00e9tement folles d&rsquo;un fou de street art dirig\u00e9 par des stars du milieu qui devient <a href=\"http:\/\/www.mrbrainwash.com\/\">Mr Brainwash<\/a>, la cr\u00e9ation d&rsquo;une exposition hallucin\u00e9e et surtout les \u0153uvres qui marquent notre imaginaire urbain. Au del\u00e0, il y a une r\u00e9flexion sur qu&rsquo;est ce que l&rsquo;art, qu&rsquo;est ce qu&rsquo;une oeuvre d&rsquo;art, quand est ce qu&rsquo;un genre artistique rentre dans l&rsquo;institution? Ce film est un tag, spontan\u00e9 et drole, apr\u00e8s ce premier effet, il ouvre un champs de r\u00e9flexion tr\u00e8s int\u00e9ressant. Il est fort ce Banksy.<\/p>\n<p>Le street art est une tension entre message politique, cr\u00e9ation d&rsquo;une \u0153uvre et d\u00e9tournements des supports ou de notre imaginaire. En \u00e9crivant, je me rends compte que je donne la d\u00e9finition de la po\u00e9sie. Oui, l&rsquo;art urbain est po\u00e9tique. Une \u0153uvre de Banksy est comme un po\u00e8me de Ma\u00efakowski. Ils dynamitent le r\u00e9el pour que nous prenions conscience des limites de ce monde que nous appelons r\u00e9alit\u00e9. En changeant l&rsquo;angle de vue, en modifiant la focale, si nous acceptons de nous laisser emporter, nous d\u00e9couvrons un ailleurs derri\u00e8re nos perceptions sensorielles. Il faut s&rsquo;arr\u00eater sur l&rsquo;image ou le mot et laisser son imagination remplir les non-dits comme dans un roman de Duras (lisez le ravissement de lol V Stein), prendre le temps de la r\u00e9flexion ou faire une association libre, c&rsquo;est au choix, le votre.<\/p>\n<p>J&rsquo;aime les calendriers, alors j&rsquo;en ai un, voil\u00e0 l&rsquo;illustration de janvier. <a href=\"https:\/\/perruchenautomne.eu\/wordpress\/wp-content\/uploads\/2012\/01\/banksi-lau.jpg\"><img loading=\"lazy\" decoding=\"async\" class=\"aligncenter size-full wp-image-743\" title=\"banksi lau\" src=\"https:\/\/perruchenautomne.eu\/wordpress\/wp-content\/uploads\/2012\/01\/banksi-lau.jpg\" alt=\"\" width=\"600\" height=\"616\" srcset=\"https:\/\/perruchenautomne.eu\/wordpress\/wp-content\/uploads\/2012\/01\/banksi-lau.jpg 600w, https:\/\/perruchenautomne.eu\/wordpress\/wp-content\/uploads\/2012\/01\/banksi-lau-292x300.jpg 292w\" sizes=\"auto, (max-width: 600px) 100vw, 600px\" \/><\/a>Banksy of course&#8230;<\/p>\n<p>Une s\u00e9lection de <a href=\"http:\/\/www.streetartutopia.com\/?p=6490\">street art de 2011 et\u00a0 une petite chanson&#8230;<\/a><\/p>\n<p><a href=\"http:\/\/www.streetartutopia.com\/?p=6490\">[audio:https:\/\/perruchenautomne.eu\/wordpress\/wp-content\/uploads\/2012\/01\/01-Tonight-The-Streets-Are-Ours.mp3|titles=01 &#8211; Tonight The Streets Are Ours]<\/a><\/p>\n","protected":false},"excerpt":{"rendered":"<p>Je cherchais des photos pour illustrer un article quand je suis tomb\u00e9 sur des images prises cet \u00e9t\u00e9. J&rsquo;\u00e9tais tr\u00e8s limit\u00e9 en capacit\u00e9 de prise de vue n&rsquo;ayant que mon t\u00e9l\u00e9phone. J&rsquo;aime beaucoup cette image. L&rsquo;officier qui nous dit No &hellip; <a href=\"https:\/\/perruchenautomne.eu\/wordpress\/2012\/01\/22\/en-rangeant-des-photos\/\">Continuer la lecture <span class=\"meta-nav\">&rarr;<\/span><\/a><\/p>\n","protected":false},"author":1,"featured_media":0,"comment_status":"open","ping_status":"open","sticky":false,"template":"","format":"standard","meta":{"jetpack_post_was_ever_published":false,"_jetpack_newsletter_access":"","_jetpack_dont_email_post_to_subs":false,"_jetpack_newsletter_tier_id":0,"_jetpack_memberships_contains_paywalled_content":false,"_jetpack_memberships_contains_paid_content":false,"footnotes":"","jetpack_publicize_message":"","jetpack_publicize_feature_enabled":true,"jetpack_social_post_already_shared":false,"jetpack_social_options":{"image_generator_settings":{"template":"highway","default_image_id":0,"font":"","enabled":false},"version":2}},"categories":[95,235],"tags":[358,363,364,365,366,362],"class_list":["post-738","post","type-post","status-publish","format-standard","hentry","category-blog","category-voyage","tag-art","tag-banksy","tag-faites-le-mur","tag-images","tag-noordnung","tag-steet-art"],"jetpack_publicize_connections":[],"jetpack_featured_media_url":"","jetpack_shortlink":"https:\/\/wp.me\/p1l1zM-bU","jetpack_sharing_enabled":true,"jetpack-related-posts":[],"_links":{"self":[{"href":"https:\/\/perruchenautomne.eu\/wordpress\/wp-json\/wp\/v2\/posts\/738","targetHints":{"allow":["GET"]}}],"collection":[{"href":"https:\/\/perruchenautomne.eu\/wordpress\/wp-json\/wp\/v2\/posts"}],"about":[{"href":"https:\/\/perruchenautomne.eu\/wordpress\/wp-json\/wp\/v2\/types\/post"}],"author":[{"embeddable":true,"href":"https:\/\/perruchenautomne.eu\/wordpress\/wp-json\/wp\/v2\/users\/1"}],"replies":[{"embeddable":true,"href":"https:\/\/perruchenautomne.eu\/wordpress\/wp-json\/wp\/v2\/comments?post=738"}],"version-history":[{"count":6,"href":"https:\/\/perruchenautomne.eu\/wordpress\/wp-json\/wp\/v2\/posts\/738\/revisions"}],"predecessor-version":[{"id":747,"href":"https:\/\/perruchenautomne.eu\/wordpress\/wp-json\/wp\/v2\/posts\/738\/revisions\/747"}],"wp:attachment":[{"href":"https:\/\/perruchenautomne.eu\/wordpress\/wp-json\/wp\/v2\/media?parent=738"}],"wp:term":[{"taxonomy":"category","embeddable":true,"href":"https:\/\/perruchenautomne.eu\/wordpress\/wp-json\/wp\/v2\/categories?post=738"},{"taxonomy":"post_tag","embeddable":true,"href":"https:\/\/perruchenautomne.eu\/wordpress\/wp-json\/wp\/v2\/tags?post=738"}],"curies":[{"name":"wp","href":"https:\/\/api.w.org\/{rel}","templated":true}]}}