{"id":801,"date":"2012-02-15T21:41:19","date_gmt":"2012-02-15T20:41:19","guid":{"rendered":"https:\/\/perruchenautomne.eu\/wordpress\/?p=801"},"modified":"2012-02-15T21:41:19","modified_gmt":"2012-02-15T20:41:19","slug":"back-in-hd","status":"publish","type":"post","link":"https:\/\/perruchenautomne.eu\/wordpress\/2012\/02\/15\/back-in-hd\/","title":{"rendered":"Back in HD"},"content":{"rendered":"<p>Un petit retour \u00e0 Heidelberg pour cette fin de semaine et assister \u00e0 trois jours de conf\u00e9rence, \u00ab\u00a0<a href=\"http:\/\/www.embl.de\/training\/events\/2012\/PRO12-01\/index.html\">Omics and Personalised Health<\/a>\u00a0\u00bb , au <a href=\"http:\/\/www.embl.de\/training\/events\/2012\/PRO12-01\/programme\/\">programme all\u00e9chan<\/a>t. Je fais ma formation continue.<\/p>\n<p>Aujourd&rsquo;hui, je me suis promen\u00e9 dans cette fort agr\u00e9able ville o\u00f9 j&rsquo;ai v\u00e9cu une ann\u00e9e. J&rsquo;aime beaucoup ce lieu, son calme, son intemporalit\u00e9, son philosophenweg et surtout la for\u00eat. Si vous ne connaissez pas et que vous passez dans le coin n&rsquo;h\u00e9sitez pas \u00e0 faire une pause dans la plus romantique des villes allemandes. Le ch\u00e2teau qui surplombe la vieille ville a \u00e9t\u00e9 d\u00e9truit par les fran\u00e7ais.<a href=\"https:\/\/perruchenautomne.eu\/wordpress\/wp-content\/uploads\/2012\/02\/heidelberg-fev-2012.jpg\"><img loading=\"lazy\" decoding=\"async\" class=\"aligncenter size-full wp-image-802\" title=\"SAMSUNG\" src=\"https:\/\/perruchenautomne.eu\/wordpress\/wp-content\/uploads\/2012\/02\/heidelberg-fev-2012.jpg\" alt=\"\" width=\"650\" height=\"488\" srcset=\"https:\/\/perruchenautomne.eu\/wordpress\/wp-content\/uploads\/2012\/02\/heidelberg-fev-2012.jpg 650w, https:\/\/perruchenautomne.eu\/wordpress\/wp-content\/uploads\/2012\/02\/heidelberg-fev-2012-300x225.jpg 300w\" sizes=\"auto, (max-width: 650px) 100vw, 650px\" \/><\/a><a href=\"https:\/\/perruchenautomne.eu\/wordpress\/wp-content\/uploads\/2012\/02\/heidelberg-fev-2012-2.jpg\"><img loading=\"lazy\" decoding=\"async\" class=\"aligncenter size-full wp-image-803\" title=\"SAMSUNG\" src=\"https:\/\/perruchenautomne.eu\/wordpress\/wp-content\/uploads\/2012\/02\/heidelberg-fev-2012-2.jpg\" alt=\"\" width=\"650\" height=\"488\" srcset=\"https:\/\/perruchenautomne.eu\/wordpress\/wp-content\/uploads\/2012\/02\/heidelberg-fev-2012-2.jpg 650w, https:\/\/perruchenautomne.eu\/wordpress\/wp-content\/uploads\/2012\/02\/heidelberg-fev-2012-2-300x225.jpg 300w\" sizes=\"auto, (max-width: 650px) 100vw, 650px\" \/><\/a><\/p>\n","protected":false},"excerpt":{"rendered":"<p>Un petit retour \u00e0 Heidelberg pour cette fin de semaine et assister \u00e0 trois jours de conf\u00e9rence, \u00ab\u00a0Omics and Personalised Health\u00a0\u00bb , au programme all\u00e9chant. Je fais ma formation continue. Aujourd&rsquo;hui, je me suis promen\u00e9 dans cette fort agr\u00e9able ville &hellip; <a href=\"https:\/\/perruchenautomne.eu\/wordpress\/2012\/02\/15\/back-in-hd\/\">Continuer la lecture <span class=\"meta-nav\">&rarr;<\/span><\/a><\/p>\n","protected":false},"author":1,"featured_media":0,"comment_status":"open","ping_status":"open","sticky":false,"template":"","format":"standard","meta":{"jetpack_post_was_ever_published":false,"_jetpack_newsletter_access":"","_jetpack_dont_email_post_to_subs":false,"_jetpack_newsletter_tier_id":0,"_jetpack_memberships_contains_paywalled_content":false,"_jetpack_memberships_contains_paid_content":false,"footnotes":"","jetpack_publicize_message":"","jetpack_publicize_feature_enabled":true,"jetpack_social_post_already_shared":false,"jetpack_social_options":{"image_generator_settings":{"template":"highway","default_image_id":0,"font":"","enabled":false},"version":2}},"categories":[235],"tags":[395],"class_list":["post-801","post","type-post","status-publish","format-standard","hentry","category-voyage","tag-heidelberg"],"jetpack_publicize_connections":[],"jetpack_featured_media_url":"","jetpack_shortlink":"https:\/\/wp.me\/p1l1zM-cV","jetpack_sharing_enabled":true,"jetpack-related-posts":[],"_links":{"self":[{"href":"https:\/\/perruchenautomne.eu\/wordpress\/wp-json\/wp\/v2\/posts\/801","targetHints":{"allow":["GET"]}}],"collection":[{"href":"https:\/\/perruchenautomne.eu\/wordpress\/wp-json\/wp\/v2\/posts"}],"about":[{"href":"https:\/\/perruchenautomne.eu\/wordpress\/wp-json\/wp\/v2\/types\/post"}],"author":[{"embeddable":true,"href":"https:\/\/perruchenautomne.eu\/wordpress\/wp-json\/wp\/v2\/users\/1"}],"replies":[{"embeddable":true,"href":"https:\/\/perruchenautomne.eu\/wordpress\/wp-json\/wp\/v2\/comments?post=801"}],"version-history":[{"count":2,"href":"https:\/\/perruchenautomne.eu\/wordpress\/wp-json\/wp\/v2\/posts\/801\/revisions"}],"predecessor-version":[{"id":805,"href":"https:\/\/perruchenautomne.eu\/wordpress\/wp-json\/wp\/v2\/posts\/801\/revisions\/805"}],"wp:attachment":[{"href":"https:\/\/perruchenautomne.eu\/wordpress\/wp-json\/wp\/v2\/media?parent=801"}],"wp:term":[{"taxonomy":"category","embeddable":true,"href":"https:\/\/perruchenautomne.eu\/wordpress\/wp-json\/wp\/v2\/categories?post=801"},{"taxonomy":"post_tag","embeddable":true,"href":"https:\/\/perruchenautomne.eu\/wordpress\/wp-json\/wp\/v2\/tags?post=801"}],"curies":[{"name":"wp","href":"https:\/\/api.w.org\/{rel}","templated":true}]}}