{"id":820,"date":"2012-02-29T16:02:02","date_gmt":"2012-02-29T15:02:02","guid":{"rendered":"https:\/\/perruchenautomne.eu\/wordpress\/?p=820"},"modified":"2012-02-29T16:02:02","modified_gmt":"2012-02-29T15:02:02","slug":"au-dela-dune-pince-une-biographie-passionnante-samuel-pozzi","status":"publish","type":"post","link":"https:\/\/perruchenautomne.eu\/wordpress\/2012\/02\/29\/au-dela-dune-pince-une-biographie-passionnante-samuel-pozzi\/","title":{"rendered":"Au del\u00e0 d&rsquo;une pince, une biographie passionnante, Samuel Pozzi"},"content":{"rendered":"<p>En entendant ce nom, vous l&rsquo;associerez \u00e0 la pince qu&rsquo;il inventa.<\/p>\n<p><img loading=\"lazy\" decoding=\"async\" class=\"alignnone\" title=\"pozzi\" src=\"http:\/\/www.aly-abbara.com\/museum\/medecine\/images_01\/instruments_medicaux\/pince_pozzi.gif\" alt=\"\" width=\"408\" height=\"181\" \/><\/p>\n<p>Je dois reconnaitre que je ne connaissais pas grand chose de ce m\u00e9decin fran\u00e7ais de la fin du XIX\u00e9 si\u00e8cle. Je l&rsquo;ai d\u00e9couvert en \u00e9coutant la remarquable \u00e9mission de France culture,<a href=\"http:\/\/www.franceculture.fr\/emission-la-fabrique-de-l-histoire\"> la fabrique de l&rsquo;histoire<\/a>. Cette semaine, elle s&rsquo;int\u00e9resse \u00e0 l&rsquo;histoire sociale des m\u00e9decins.<\/p>\n<p>Le <a href=\"http:\/\/www.franceculture.fr\/emission-la-fabrique-de-l-histoire-histoire-sociale-des-medecins-24-2012-02-28\">documentaire sur Pozzi<\/a> est superbe. Prenez 50 minutes pour l&rsquo;\u00e9couter vous ne le regretterez pas. La vie de ce chirurgien est un roman. Il a particip\u00e9 \u00e0 l&rsquo;\u00e9mergence de la gyn\u00e9cologie comme sp\u00e9cialit\u00e9 m\u00e9dicale. Il a \u00e9t\u00e9 un promoteur de l\u2019antisepsie et du port des gants au bloc op\u00e9ratoire. Il a op\u00e9r\u00e9 toute l\u2019Europe bourgeoise et couronn\u00e9e. Il a \u00e9t\u00e9 un s\u00e9ducteur (<a href=\"http:\/\/www.thelancet.com\/journals\/lancet\/article\/PIIS0140-6736%2809%2961353-2\/fulltext\">amant de Sarah Bernhardt, qu&rsquo;il op\u00e9ra<\/a>). Il connaissait tout le paris litt\u00e9raire et intellectuel (Proust, Montesquiou, Leconte de lisle et j&rsquo;en passe). Il fait d\u00e9corer les murs de l&rsquo;hopital Broca de fresques, car la beaut\u00e9 soigne.<\/p>\n<p>Sa mort est d&rsquo;une incroyable ironie. Il a \u00e9t\u00e9 assassin\u00e9 par un patient impuissant. Il avait op\u00e9r\u00e9 ce monsieur d&rsquo;un varicoc\u00e8le scrotale. Il n&rsquo;a bien sur pas retrouv\u00e9 sa vigueur masculine apr\u00e8s ce geste dont ce n&rsquo;\u00e9tait pas le but. Apr\u00e8s une phase de harc\u00e8lement, il a d\u00e9cid\u00e9 de tirer deux balles dans le ventre de son chirurgien. Il mourra op\u00e9r\u00e9 par un de ses \u00e9l\u00e8ves, avec \u00e0 ses cot\u00e9s un autre m\u00e9decin c\u00e9l\u00e8bre de ce d\u00e9but du XX\u00e9 si\u00e8cle, Georges Clemenceau.<\/p>\n<p>Lui, l&rsquo;inventeur de la gyn\u00e9cologie fran\u00e7aise, \u00ab\u00a0l&rsquo;amour m\u00e9decin\u00a0\u00bb est mort assassin\u00e9 par un impuissant. Un romancier \u00e9crirait \u00e7a, son \u00e9diteur lui dirait: \u00ab\u00a0l\u00e0, coco tu en fais trop\u00a0\u00bb. La vie nous joue de dr\u00f4les de tour. La le\u00e7on, toujours se m\u00e9fier des impuissants insatisfaits.<\/p>\n<p>Pozzi est un personnage romanesque, en \u00e9coutant la vie de \u00ab\u00a0docteur dieu\u00a0\u00bb vous passerez un excellent moment en vous cultivant.<\/p>\n","protected":false},"excerpt":{"rendered":"<p>En entendant ce nom, vous l&rsquo;associerez \u00e0 la pince qu&rsquo;il inventa. Je dois reconnaitre que je ne connaissais pas grand chose de ce m\u00e9decin fran\u00e7ais de la fin du XIX\u00e9 si\u00e8cle. Je l&rsquo;ai d\u00e9couvert en \u00e9coutant la remarquable \u00e9mission de &hellip; <a href=\"https:\/\/perruchenautomne.eu\/wordpress\/2012\/02\/29\/au-dela-dune-pince-une-biographie-passionnante-samuel-pozzi\/\">Continuer la lecture <span class=\"meta-nav\">&rarr;<\/span><\/a><\/p>\n","protected":false},"author":1,"featured_media":0,"comment_status":"open","ping_status":"open","sticky":false,"template":"","format":"standard","meta":{"jetpack_post_was_ever_published":false,"_jetpack_newsletter_access":"","_jetpack_dont_email_post_to_subs":false,"_jetpack_newsletter_tier_id":0,"_jetpack_memberships_contains_paywalled_content":false,"_jetpack_memberships_contains_paid_content":false,"footnotes":"","jetpack_publicize_message":"","jetpack_publicize_feature_enabled":true,"jetpack_social_post_already_shared":false,"jetpack_social_options":{"image_generator_settings":{"template":"highway","default_image_id":0,"font":"","enabled":false},"version":2}},"categories":[47,13],"tags":[404,405,403,406,402,407],"class_list":["post-820","post","type-post","status-publish","format-standard","hentry","category-histoire-2","category-medecine-2","tag-fabrique-de-lhistoire","tag-gynecologie","tag-histoire-de-la-medecine","tag-impuissance","tag-pozzi","tag-proust"],"jetpack_publicize_connections":[],"jetpack_featured_media_url":"","jetpack_shortlink":"https:\/\/wp.me\/p1l1zM-de","jetpack_sharing_enabled":true,"jetpack-related-posts":[],"_links":{"self":[{"href":"https:\/\/perruchenautomne.eu\/wordpress\/wp-json\/wp\/v2\/posts\/820","targetHints":{"allow":["GET"]}}],"collection":[{"href":"https:\/\/perruchenautomne.eu\/wordpress\/wp-json\/wp\/v2\/posts"}],"about":[{"href":"https:\/\/perruchenautomne.eu\/wordpress\/wp-json\/wp\/v2\/types\/post"}],"author":[{"embeddable":true,"href":"https:\/\/perruchenautomne.eu\/wordpress\/wp-json\/wp\/v2\/users\/1"}],"replies":[{"embeddable":true,"href":"https:\/\/perruchenautomne.eu\/wordpress\/wp-json\/wp\/v2\/comments?post=820"}],"version-history":[{"count":2,"href":"https:\/\/perruchenautomne.eu\/wordpress\/wp-json\/wp\/v2\/posts\/820\/revisions"}],"predecessor-version":[{"id":822,"href":"https:\/\/perruchenautomne.eu\/wordpress\/wp-json\/wp\/v2\/posts\/820\/revisions\/822"}],"wp:attachment":[{"href":"https:\/\/perruchenautomne.eu\/wordpress\/wp-json\/wp\/v2\/media?parent=820"}],"wp:term":[{"taxonomy":"category","embeddable":true,"href":"https:\/\/perruchenautomne.eu\/wordpress\/wp-json\/wp\/v2\/categories?post=820"},{"taxonomy":"post_tag","embeddable":true,"href":"https:\/\/perruchenautomne.eu\/wordpress\/wp-json\/wp\/v2\/tags?post=820"}],"curies":[{"name":"wp","href":"https:\/\/api.w.org\/{rel}","templated":true}]}}