{"id":999,"date":"2012-08-12T13:41:12","date_gmt":"2012-08-12T12:41:12","guid":{"rendered":"https:\/\/perruchenautomne.eu\/wordpress\/?p=999"},"modified":"2012-08-12T13:41:12","modified_gmt":"2012-08-12T12:41:12","slug":"les-affres-de-la-memoire","status":"publish","type":"post","link":"https:\/\/perruchenautomne.eu\/wordpress\/2012\/08\/12\/les-affres-de-la-memoire\/","title":{"rendered":"Les affres de la m\u00e9moire"},"content":{"rendered":"<p>Nord de la toscane, nous passons le <a href=\"http:\/\/fr.wikipedia.org\/wiki\/Col_de_Futa\">col de Futa<\/a>, une r\u00e9gion tr\u00e8s disput\u00e9e pendant la seconde guerre mondiale lors de la remont\u00e9e alli\u00e9e. L&rsquo;ensemble du massif est parcouru de sentiers et chemins de randonn\u00e9es rappelant cette dramatique histoire. Le col \u00e9tait le point faible de <a href=\"http:\/\/fr.wikipedia.org\/wiki\/Ligne_Gothique\">la ligne gothique<\/a>.<\/p>\n<p>&nbsp;<\/p>\n<p>Au col de Futa, un \u00e9trange monument surplombe la vall\u00e9e de la Sieve.<\/p>\n<p><a href=\"https:\/\/perruchenautomne.eu\/wordpress\/wp-content\/uploads\/2012\/08\/futa4.jpg\"><img loading=\"lazy\" decoding=\"async\" class=\"aligncenter size-full wp-image-1004\" title=\"futa4\" src=\"https:\/\/perruchenautomne.eu\/wordpress\/wp-content\/uploads\/2012\/08\/futa4.jpg\" alt=\"\" width=\"800\" height=\"516\" srcset=\"https:\/\/perruchenautomne.eu\/wordpress\/wp-content\/uploads\/2012\/08\/futa4.jpg 800w, https:\/\/perruchenautomne.eu\/wordpress\/wp-content\/uploads\/2012\/08\/futa4-300x193.jpg 300w\" sizes=\"auto, (max-width: 800px) 100vw, 800px\" \/><\/a><\/p>\n<p>Un fin monument de pierres grises et noires s&rsquo;\u00e9lance \u00e0 la conqu\u00eate du triste ciel de ce milieu d&rsquo;apr\u00e8s midi toscan.<\/p>\n<p><a href=\"https:\/\/perruchenautomne.eu\/wordpress\/wp-content\/uploads\/2012\/08\/futa7.jpg\"><img loading=\"lazy\" decoding=\"async\" class=\"aligncenter size-full wp-image-1007\" title=\"futa7\" src=\"https:\/\/perruchenautomne.eu\/wordpress\/wp-content\/uploads\/2012\/08\/futa7.jpg\" alt=\"\" width=\"800\" height=\"532\" srcset=\"https:\/\/perruchenautomne.eu\/wordpress\/wp-content\/uploads\/2012\/08\/futa7.jpg 800w, https:\/\/perruchenautomne.eu\/wordpress\/wp-content\/uploads\/2012\/08\/futa7-300x199.jpg 300w\" sizes=\"auto, (max-width: 800px) 100vw, 800px\" \/><\/a><\/p>\n<p>Les nuages d\u00e9coupent quelques lucarnes o\u00f9 le soleil s&rsquo;engouffre pour \u00e9clairer les grises pierres.<\/p>\n<p><a href=\"https:\/\/perruchenautomne.eu\/wordpress\/wp-content\/uploads\/2012\/08\/Futa1.jpg\"><img loading=\"lazy\" decoding=\"async\" class=\"aligncenter size-full wp-image-1001\" title=\"Futa1\" src=\"https:\/\/perruchenautomne.eu\/wordpress\/wp-content\/uploads\/2012\/08\/Futa1.jpg\" alt=\"\" width=\"800\" height=\"532\" srcset=\"https:\/\/perruchenautomne.eu\/wordpress\/wp-content\/uploads\/2012\/08\/Futa1.jpg 800w, https:\/\/perruchenautomne.eu\/wordpress\/wp-content\/uploads\/2012\/08\/Futa1-300x199.jpg 300w\" sizes=\"auto, (max-width: 800px) 100vw, 800px\" \/><\/a><\/p>\n<p>La for\u00eat nous entoure, noire sous les nu\u00e9es grises. La masse de roche est tendue vers l&rsquo;infini, cern\u00e9e de sa prog\u00e9niture, des milliers de pierres tombales.<\/p>\n<p><a href=\"https:\/\/perruchenautomne.eu\/wordpress\/wp-content\/uploads\/2012\/08\/futa5.jpg\"><img loading=\"lazy\" decoding=\"async\" class=\"aligncenter size-full wp-image-1005\" title=\"futa5\" src=\"https:\/\/perruchenautomne.eu\/wordpress\/wp-content\/uploads\/2012\/08\/futa5.jpg\" alt=\"\" width=\"800\" height=\"532\" srcset=\"https:\/\/perruchenautomne.eu\/wordpress\/wp-content\/uploads\/2012\/08\/futa5.jpg 800w, https:\/\/perruchenautomne.eu\/wordpress\/wp-content\/uploads\/2012\/08\/futa5-300x199.jpg 300w\" sizes=\"auto, (max-width: 800px) 100vw, 800px\" \/><\/a><\/p>\n<p>Elles rappellent pour l&rsquo;\u00e9ternit\u00e9, la m\u00e9moire de plus de 30000 soldats allemands tomb\u00e9s, dans les Apennins, au milieu des ann\u00e9es 40.<\/p>\n<p>Le cimeti\u00e8re allemand de Futa est un lieu de m\u00e9moire, m\u00e9moire d&rsquo;une guerre un peu oubli\u00e9e de nous fran\u00e7ais, drap\u00e9s dans notre \u00e9gocentrisme nationaliste, une guerre qui a laiss\u00e9 l&rsquo;Italie meurtrie, bris\u00e9e. Il aura fallu pr\u00e8s de deux ans aux troupes alli\u00e9es pour remonter la p\u00e9ninsule. Il suffit <a href=\"http:\/\/kystes.blog.lemonde.fr\/2009\/11\/15\/le-compagnon-de-voyage-de-curzio-malaparte\/\">de lire Malaparte<\/a> pour saisir la d\u00e9tresse de la botte au sortir de cette lutte. Ce lieu nous rappelle que les militaires sont les acteurs et les victimes des choix politiques belliqueux des dirigeants. La chair \u00e0 canons est jeune, 18, 19, 23, 24 ans.<\/p>\n<p>Avoir 18 ans et mourir en toscane en 1944, comme le grenadier Bruno Berberich, enterr\u00e9 face \u00e0 la magnifique campagne toscane.<\/p>\n<p><a href=\"https:\/\/perruchenautomne.eu\/wordpress\/wp-content\/uploads\/2012\/08\/futa6.jpg\"><img loading=\"lazy\" decoding=\"async\" class=\"aligncenter size-full wp-image-1006\" title=\"futa6\" src=\"https:\/\/perruchenautomne.eu\/wordpress\/wp-content\/uploads\/2012\/08\/futa6.jpg\" alt=\"\" width=\"800\" height=\"532\" srcset=\"https:\/\/perruchenautomne.eu\/wordpress\/wp-content\/uploads\/2012\/08\/futa6.jpg 800w, https:\/\/perruchenautomne.eu\/wordpress\/wp-content\/uploads\/2012\/08\/futa6-300x199.jpg 300w\" sizes=\"auto, (max-width: 800px) 100vw, 800px\" \/><\/a><\/p>\n<p>N&rsquo;y avait il pas mieux \u00e0 faire en toscane quand on avait dix huit ans que se battre et perdre la vie? Je regarde, les noms, les ages, promenade hypnotique, inqui\u00e9tante. Je r\u00e9alise que sur des centaines peut \u00eatre des milliers de pierres sont grav\u00e9s les mots \u00ab\u00a0Unbekannter deutscher soldat\u00a0\u00bb. J&rsquo;imagine les familles qui ont perdu un fils, pas de corps, pas de certitude, espoir et d\u00e9sespoir. Ce fils, trop bien connu, est juste quelques mots sur un pierre grise au sommet d&rsquo;une montagne italienne, soldat allemand inconnu. Ces jeunes hommes ont \u00e9t\u00e9 tu\u00e9 deux fois, physiquement et symboliquement. Les hommes qui les ont conduits \u00e0 la boucherie n&rsquo;ont m\u00eame pas \u00e9t\u00e9 capables de garder la m\u00e9moire intacte de leur noms \u00e0 leur corps. \u00c9trange lieu de m\u00e9moire ne gardant pour de nombreuses d\u00e9pouilles aucun nom, m\u00e9moire vide qui nous montre la folie de la guerre. Ces milliers de tombes sont un cri antimilitariste.<\/p>\n<p><a href=\"https:\/\/perruchenautomne.eu\/wordpress\/wp-content\/uploads\/2012\/08\/futa8.jpg\"><img loading=\"lazy\" decoding=\"async\" class=\"aligncenter size-full wp-image-1008\" title=\"futa8\" src=\"https:\/\/perruchenautomne.eu\/wordpress\/wp-content\/uploads\/2012\/08\/futa8.jpg\" alt=\"\" width=\"800\" height=\"532\" srcset=\"https:\/\/perruchenautomne.eu\/wordpress\/wp-content\/uploads\/2012\/08\/futa8.jpg 800w, https:\/\/perruchenautomne.eu\/wordpress\/wp-content\/uploads\/2012\/08\/futa8-300x199.jpg 300w\" sizes=\"auto, (max-width: 800px) 100vw, 800px\" \/><\/a><\/p>\n<p>Ce lieu illustre la folie du troisi\u00e8me Reich. Comme les camps de concentrations o\u00f9 aucun nom n&rsquo;est oubli\u00e9, victimes dont nous conservons la m\u00e9moire gr\u00e2ce au registres maniaques des bourreaux. Traces pour les eux et vide pour les autres. Quelle folie, garder le nom des sacrifi\u00e9s sur l&rsquo;autel du racialisme et perdre celui des victimes prot\u00e9geant la race. Chronos fou d\u00e9vorant ses enfant jusqu&rsquo;\u00e0 faire disparaitre l&rsquo;individu. C&rsquo;est peut \u00eatre l&rsquo;essence du nazisme, faire disparaitre l&rsquo;individu, pour que chacun ne soit qu&rsquo;un rouage de la m\u00e9canique parfaite du reich \u00e9ternel. Le code g\u00e9n\u00e9tique de la dictature est \u00e9crit dans ce d\u00e9sir fou de noyer l&rsquo;\u00eatre dans un tout se fondant dans la figure du chef tout puissant et infaillible&#8230; Il est logique d&rsquo;oublier le nom de ceux qui servent et de se souvenir des victimes qui ne peuvent pas entrer dans la le grand Un.<\/p>\n<p>Col de Futa, un lieu de m\u00e9moire, de r\u00e9flexion, si vous avez l&rsquo;occasion de vous arr\u00eater, sur la route entre Bologne et Florence, n&rsquo;h\u00e9sitez pas.<\/p>\n<p><a href=\"https:\/\/perruchenautomne.eu\/wordpress\/wp-content\/uploads\/2012\/08\/Futa2.jpg\"><img loading=\"lazy\" decoding=\"async\" class=\"aligncenter size-full wp-image-1002\" title=\"Futa2\" src=\"https:\/\/perruchenautomne.eu\/wordpress\/wp-content\/uploads\/2012\/08\/Futa2.jpg\" alt=\"\" width=\"800\" height=\"532\" srcset=\"https:\/\/perruchenautomne.eu\/wordpress\/wp-content\/uploads\/2012\/08\/Futa2.jpg 800w, https:\/\/perruchenautomne.eu\/wordpress\/wp-content\/uploads\/2012\/08\/Futa2-300x199.jpg 300w\" sizes=\"auto, (max-width: 800px) 100vw, 800px\" \/><\/a><\/p>\n","protected":false},"excerpt":{"rendered":"<p>Nord de la toscane, nous passons le col de Futa, une r\u00e9gion tr\u00e8s disput\u00e9e pendant la seconde guerre mondiale lors de la remont\u00e9e alli\u00e9e. L&rsquo;ensemble du massif est parcouru de sentiers et chemins de randonn\u00e9es rappelant cette dramatique histoire. Le &hellip; <a href=\"https:\/\/perruchenautomne.eu\/wordpress\/2012\/08\/12\/les-affres-de-la-memoire\/\">Continuer la lecture <span class=\"meta-nav\">&rarr;<\/span><\/a><\/p>\n","protected":false},"author":1,"featured_media":0,"comment_status":"open","ping_status":"open","sticky":false,"template":"","format":"standard","meta":{"jetpack_post_was_ever_published":false,"_jetpack_newsletter_access":"","_jetpack_dont_email_post_to_subs":false,"_jetpack_newsletter_tier_id":0,"_jetpack_memberships_contains_paywalled_content":false,"_jetpack_memberships_contains_paid_content":false,"footnotes":"","jetpack_publicize_message":"","jetpack_publicize_feature_enabled":true,"jetpack_social_post_already_shared":false,"jetpack_social_options":{"image_generator_settings":{"template":"highway","default_image_id":0,"font":"","enabled":false},"version":2}},"categories":[1],"tags":[],"class_list":["post-999","post","type-post","status-publish","format-standard","hentry","category-non-classe"],"jetpack_publicize_connections":[],"jetpack_featured_media_url":"","jetpack_shortlink":"https:\/\/wp.me\/p1l1zM-g7","jetpack_sharing_enabled":true,"jetpack-related-posts":[],"_links":{"self":[{"href":"https:\/\/perruchenautomne.eu\/wordpress\/wp-json\/wp\/v2\/posts\/999","targetHints":{"allow":["GET"]}}],"collection":[{"href":"https:\/\/perruchenautomne.eu\/wordpress\/wp-json\/wp\/v2\/posts"}],"about":[{"href":"https:\/\/perruchenautomne.eu\/wordpress\/wp-json\/wp\/v2\/types\/post"}],"author":[{"embeddable":true,"href":"https:\/\/perruchenautomne.eu\/wordpress\/wp-json\/wp\/v2\/users\/1"}],"replies":[{"embeddable":true,"href":"https:\/\/perruchenautomne.eu\/wordpress\/wp-json\/wp\/v2\/comments?post=999"}],"version-history":[{"count":4,"href":"https:\/\/perruchenautomne.eu\/wordpress\/wp-json\/wp\/v2\/posts\/999\/revisions"}],"predecessor-version":[{"id":1011,"href":"https:\/\/perruchenautomne.eu\/wordpress\/wp-json\/wp\/v2\/posts\/999\/revisions\/1011"}],"wp:attachment":[{"href":"https:\/\/perruchenautomne.eu\/wordpress\/wp-json\/wp\/v2\/media?parent=999"}],"wp:term":[{"taxonomy":"category","embeddable":true,"href":"https:\/\/perruchenautomne.eu\/wordpress\/wp-json\/wp\/v2\/categories?post=999"},{"taxonomy":"post_tag","embeddable":true,"href":"https:\/\/perruchenautomne.eu\/wordpress\/wp-json\/wp\/v2\/tags?post=999"}],"curies":[{"name":"wp","href":"https:\/\/api.w.org\/{rel}","templated":true}]}}